{"id":1016,"date":"2011-06-26T16:16:19","date_gmt":"2011-06-26T16:16:19","guid":{"rendered":"http:\/\/stpedagozi.wordpress.com\/?p=1016"},"modified":"2016-01-21T21:19:07","modified_gmt":"2016-01-21T20:19:07","slug":"promocija-knjige","status":"publish","type":"post","link":"http:\/\/www.st-pedagozi.net\/?p=1016","title":{"rendered":"Promocija knjige"},"content":{"rendered":"<p style=\"text-align: right;\"><a href=\"http:\/\/www.st-pedagozi.net\/wp-content\/uploads\/2011\/06\/vedrana.jpg\"><img loading=\"lazy\" decoding=\"async\" class=\"alignleft size-full wp-image-1019\" style=\"margin-left: 5px; margin-right: 5px;\" title=\"vedrana\" src=\"http:\/\/www.st-pedagozi.net\/wp-content\/uploads\/2011\/06\/vedrana.jpg\" alt=\"\" width=\"126\" height=\"202\" srcset=\"http:\/\/www.st-pedagozi.net\/wp-content\/uploads\/2011\/06\/vedrana.jpg 300w, http:\/\/www.st-pedagozi.net\/wp-content\/uploads\/2011\/06\/vedrana-187x300.jpg 187w\" sizes=\"(max-width: 126px) 100vw, 126px\" \/><\/a><\/p>\r\n<p style=\"text-align: center;\"><strong>Split, Gradska knji\u017enica Marka Maruli\u0107a<\/strong><\/p>\r\n<p style=\"text-align: center;\"><strong>30.lipnja (\u010detvrtak) 2011. god. u 19 sati<\/strong><\/p>\r\n<p style=\"text-align: center;\">Knjigu \u0107e predstaviti prof.dr.sc. Ivan Urli\u0107,spec.psihijatar\r\nuz predavanje autorice\r\n<strong>&#8220;Kontratransfer u terapiji zlostavljane djece&#8221;<\/strong><\/p>\r\n<p style=\"text-align: justify;\"><strong>Mr. Vedranu \u017ddero<\/strong>, spec.klini\u010dke psihologije, poznaju brojni stru\u010dni suradnici koji su poha\u0111ali Edukaciju &#8220;Zlostavljanje djece &#8211; nasilje u obitelji&#8221; i sudjelovali u radionici &#8220;Psiholo\u0161ko zanemarivanje i zlostavljanje djece&#8221;. U njoj su, od Vedrane, dobili vrijedna znanja i korisna iskustva kroz jedan jednostavan, suradni\u010dki i izuzetno stru\u010dan pristup.<\/p>\r\n<p style=\"text-align: justify;\">Danas, njeno znanje i iskustvo sa\u017eeto u knjizi,\u00a0 jo\u0161 je jedan vrijedan doprinos biblioteke &#8220;Svijet dje\u010dje psihe&#8221; \u010dija je misija od po\u010detka bila &#8220;\u0161irenje ideje o za\u0161titi mentalnog zdravlja putem rije\u010di, slike.. , a sve radi pomaganja ljudima &#8211; posebno djeci i adolescentima.&#8221; (prema M.Mihajlovi\u0107, 1996.)<\/p>\r\n<p style=\"text-align: justify;\">\u010cestitke Vedrani, od nedavno i na\u0161oj kolegici, stru\u010dnoj suradnici psihologinji u osnovnoj \u0161koli.<\/p>","protected":false},"excerpt":{"rendered":"<p>Split, Gradska knji\u017enica Marka Maruli\u0107a 30.lipnja (\u010detvrtak) 2011. god. u 19 sati Knjigu \u0107e predstaviti prof.dr.sc. Ivan Urli\u0107,spec.psihijatar uz predavanje autorice &#8220;Kontratransfer u terapiji zlostavljane djece&#8221; Mr. Vedranu \u017ddero, spec.klini\u010dke psihologije, poznaju brojni stru\u010dni suradnici koji su poha\u0111ali Edukaciju &#8220;Zlostavljanje &hellip;<\/p>\n<p class=\"read-more\"><a href=\"http:\/\/www.st-pedagozi.net\/?p=1016\">Read more &raquo;<\/a><\/p>\n","protected":false},"author":2,"featured_media":0,"comment_status":"open","ping_status":"open","sticky":false,"template":"","format":"standard","meta":{"footnotes":""},"categories":[3],"tags":[34],"_links":{"self":[{"href":"http:\/\/www.st-pedagozi.net\/index.php?rest_route=\/wp\/v2\/posts\/1016"}],"collection":[{"href":"http:\/\/www.st-pedagozi.net\/index.php?rest_route=\/wp\/v2\/posts"}],"about":[{"href":"http:\/\/www.st-pedagozi.net\/index.php?rest_route=\/wp\/v2\/types\/post"}],"author":[{"embeddable":true,"href":"http:\/\/www.st-pedagozi.net\/index.php?rest_route=\/wp\/v2\/users\/2"}],"replies":[{"embeddable":true,"href":"http:\/\/www.st-pedagozi.net\/index.php?rest_route=%2Fwp%2Fv2%2Fcomments&post=1016"}],"version-history":[{"count":1,"href":"http:\/\/www.st-pedagozi.net\/index.php?rest_route=\/wp\/v2\/posts\/1016\/revisions"}],"predecessor-version":[{"id":4030,"href":"http:\/\/www.st-pedagozi.net\/index.php?rest_route=\/wp\/v2\/posts\/1016\/revisions\/4030"}],"wp:attachment":[{"href":"http:\/\/www.st-pedagozi.net\/index.php?rest_route=%2Fwp%2Fv2%2Fmedia&parent=1016"}],"wp:term":[{"taxonomy":"category","embeddable":true,"href":"http:\/\/www.st-pedagozi.net\/index.php?rest_route=%2Fwp%2Fv2%2Fcategories&post=1016"},{"taxonomy":"post_tag","embeddable":true,"href":"http:\/\/www.st-pedagozi.net\/index.php?rest_route=%2Fwp%2Fv2%2Ftags&post=1016"}],"curies":[{"name":"wp","href":"https:\/\/api.w.org\/{rel}","templated":true}]}}