{"id":1696,"date":"2011-10-05T20:42:31","date_gmt":"2011-10-05T20:42:31","guid":{"rendered":"http:\/\/stpedagozi.wordpress.com\/?p=1696"},"modified":"2011-12-26T18:58:27","modified_gmt":"2011-12-26T17:58:27","slug":"istrazivanje","status":"publish","type":"post","link":"http:\/\/www.st-pedagozi.net\/?p=1696","title":{"rendered":"Istra\u017eivanje"},"content":{"rendered":"<div id=\"attachment_1700\" style=\"width: 226px\" class=\"wp-caption alignleft\"><a href=\"http:\/\/www.st-pedagozi.net\/wp-content\/uploads\/2011\/10\/p1010147.jpg\"><img loading=\"lazy\" decoding=\"async\" aria-describedby=\"caption-attachment-1700\" class=\"size-medium wp-image-1700  \" title=\"P1010147\" src=\"http:\/\/www.st-pedagozi.net\/wp-content\/uploads\/2011\/10\/p1010147.jpg?w=300\" alt=\"\" width=\"216\" height=\"162\" srcset=\"http:\/\/www.st-pedagozi.net\/wp-content\/uploads\/2011\/10\/p1010147.jpg 640w, http:\/\/www.st-pedagozi.net\/wp-content\/uploads\/2011\/10\/p1010147-300x225.jpg 300w\" sizes=\"(max-width: 216px) 100vw, 216px\" \/><\/a><p id=\"caption-attachment-1700\" class=\"wp-caption-text\">Crveno jezero<\/p><\/div>\r\n<p style=\"text-align: right;\"><em><\/em><em>Ima <strong>Silvana<\/strong> sedmera vrata.<\/em>\r\n<em> Vrata od rije\u010di.<\/em>\r\n<em> Vrata od pokreta.<\/em>\r\n<em> Vrata od stava.<\/em>\r\n<em> Vrata od pogleda.<\/em>\r\n<em> Vrata od emocija.<\/em>\r\n<em> Vrata od srca.<\/em>\r\n<em> Na sedmera vrata do\u0111e i<\/em>\r\n<em> s ljudima od \u0161kole govorni\u0161tvo pro\u0111e.<\/em><\/p>\r\n<p style=\"text-align: right;\"><strong>Prepjev pjesme Petra Gudelja &#8220;Put u Imotu&#8221;<\/strong><\/p>\r\n<p style=\"text-align: justify;\">Glavna vrata na\u0161eg<strong> III. modula Inovativnosti i kreativnosti u \u0161koli\u00a0<\/strong> otvorio je na\u0161 dragi kolega i bri\u017ean doma\u0107in, <strong>Ante Karin<\/strong>, u Imotskom, 2.\u00a0 listopada 2011.god.<\/p>\r\n<p style=\"text-align: justify;\">A dalje, u istra\u017eivanje korak po korak<strong><\/strong>, svojom neiscrpnom energijom i raznolikim umije\u0107ima, vodila nas je prof. i glumica <a href=\"http:\/\/www.sugovornik.com\/reference.html\"><span style=\"color: #ff6600;\"><strong>Silvana Stani\u0107<\/strong><\/span><\/a> kroz radionicu o <strong>govorni\u0161tvu, verbalnoj i neverbalnoj komunikaciji<\/strong>.\r\n\u0160to smo zapravo istra\u017eivali?\r\n<strong>Istra\u017eivali smo sebe, a to je uvijek vrlo koristan i naravno, naporan posao.<\/strong>\r\nUvidjeli smo to odmah na po\u010detku kada smo vje\u017ebali neverbalnu komunikaciju. Zadatak je bio sjesti na sjedalicu kao na pozornici, okrenuti se grupi (istina, poznatih i dobronamjernih ljudi), ali u ovom slu\u010daju ljudi \u010diji je jedini zadatak bio &#8211; buljiti u vas i va\u0161e detalje. Svjesni toga, s osje\u0107ajem ogoljenosti sjedite, gledate, ni sami ne znate \u0161to mislite, ali polako se navikavate, savladavate neugodu,vje\u017ebate&#8230;.. i o\u010dekujete da voditeljica ipak proglasi kraj. Izvrsna vje\u017eba za svih nas koji \u010desto izlazimo pred u\u010denike, u\u010ditelje i roditelje.<\/p>\r\n<p style=\"text-align: justify;\"><!--more-->Istra\u017eivali smo mi i kako \u010ditamo slijede\u0107i upute, koliko rije\u010di mo\u017eemo pro\u010ditati u jednom dahu, na koliko na\u010dina mo\u017eemo kazati rije\u010d &#8211; kolega\/ica da proizvedemo odre\u0111enu emociju koju drugi mogu prepoznati, koliko smo u stanju stihovima prenijeti poruku koju od nas tra\u017ei zadana situacija ili kako pro\u010ditati \u010detiri stiha i proizvesti atmosferu.<\/p>\r\n<p style=\"text-align: justify;\">Svjedo\u010dili smo na\u0161im izvrsnim i manje izvrsnim izvedbama, ali bez obzira na uspje\u0161nost (ipak je to proces i vje\u017eba),\u00a0 ni u jednom trenutku nije nedostajalo volje i truda svih sudionika.\u00a0 To i nije bilo neobi\u010dno kada smo radili u pozitivno nadahnutoj atmosferi s komentarima: &#8220;Du\u0161o &#8211; to je odli\u010dno!&#8221;<\/p>\r\n\r\n\r\n<div id=\"attachment_1729\" style=\"width: 451px\" class=\"wp-caption aligncenter\"><a href=\"http:\/\/www.st-pedagozi.net\/wp-content\/uploads\/2011\/10\/p1010157-1.jpg\"><img loading=\"lazy\" decoding=\"async\" aria-describedby=\"caption-attachment-1729\" class=\"size-full wp-image-1729\" title=\"P1010157-1\" src=\"http:\/\/www.st-pedagozi.net\/wp-content\/uploads\/2011\/10\/p1010157-1.jpg\" alt=\"\" width=\"441\" height=\"275\" srcset=\"http:\/\/www.st-pedagozi.net\/wp-content\/uploads\/2011\/10\/p1010157-1.jpg 640w, http:\/\/www.st-pedagozi.net\/wp-content\/uploads\/2011\/10\/p1010157-1-300x187.jpg 300w\" sizes=\"(max-width: 441px) 100vw, 441px\" \/><\/a><p id=\"caption-attachment-1729\" class=\"wp-caption-text\">Hvala Silvani!<\/p><\/div>\r\n<p style=\"text-align: justify;\">Veliko hvala i Anti!<\/p>\r\n<p style=\"text-align: justify;\">Zato o\u010dekujemo nastavak &#8230;. i usput preporu\u010damo ovu edukaciju u\u010diteljima svih profila.<\/p>\r\n<p style=\"text-align: justify;\">Povijest na\u0161eg modulskog dru\u017eenja mo\u017eete vidjeti <strong><span style=\"color: #ff6600;\"><a href=\"http:\/\/www.st-pedagozi.net\/wp-content\/uploads\/2011\/10\/kreativnost-iii.pptx\"><span style=\"color: #ff6600;\">ovdje<\/span><\/a><\/span><\/strong> u rascvjetanoj \u0110ur\u0111i\u010dinoj prezentaciji.<\/p>\r\n<strong>Organizacija stru\u010dnog skupa:<\/strong>\r\n\u0110ur\u0111ica Kaurloto Martini\u0107,prof. &#8211; vi\u0161a savjetnica\u00a0 u AZOO, podru\u010dna jedinica Split\r\nMirjana Kazija,prof. &#8211; vi\u0161a savjetnica u AZOO, podru\u010dna jedinica Rijeka\r\n\r\nNekoliko fotografija:\r\n\r\n<div id=\"attachment_1732\" style=\"width: 394px\" class=\"wp-caption aligncenter\"><a href=\"http:\/\/www.st-pedagozi.net\/wp-content\/uploads\/2011\/10\/p1010133.jpg\"><img loading=\"lazy\" decoding=\"async\" aria-describedby=\"caption-attachment-1732\" class=\" wp-image-1732\" title=\"Imotsko polje u jutarnjoj izmaglici.\" src=\"http:\/\/www.st-pedagozi.net\/wp-content\/uploads\/2011\/10\/p1010133.jpg\" alt=\"\" width=\"384\" height=\"288\" srcset=\"http:\/\/www.st-pedagozi.net\/wp-content\/uploads\/2011\/10\/p1010133.jpg 640w, http:\/\/www.st-pedagozi.net\/wp-content\/uploads\/2011\/10\/p1010133-300x225.jpg 300w\" sizes=\"(max-width: 384px) 100vw, 384px\" \/><\/a><p id=\"caption-attachment-1732\" class=\"wp-caption-text\">Imotsko polje u jutarnjoj izmaglici.<\/p><\/div>\r\n\r\n<div id=\"attachment_1851\" style=\"width: 298px\" class=\"wp-caption aligncenter\"><a href=\"http:\/\/www.st-pedagozi.net\/wp-content\/uploads\/2011\/10\/P1010141.jpg\"><img loading=\"lazy\" decoding=\"async\" aria-describedby=\"caption-attachment-1851\" class=\" wp-image-1851\" title=\"Crkva sv. Frane\" src=\"http:\/\/www.st-pedagozi.net\/wp-content\/uploads\/2011\/10\/P1010141.jpg\" alt=\"\" width=\"288\" height=\"384\" srcset=\"http:\/\/www.st-pedagozi.net\/wp-content\/uploads\/2011\/10\/P1010141.jpg 480w, http:\/\/www.st-pedagozi.net\/wp-content\/uploads\/2011\/10\/P1010141-225x300.jpg 225w\" sizes=\"(max-width: 288px) 100vw, 288px\" \/><\/a><p id=\"caption-attachment-1851\" class=\"wp-caption-text\">Crkva sv. Franje<\/p><\/div>\r\n\r\n<div id=\"attachment_1846\" style=\"width: 298px\" class=\"wp-caption aligncenter\"><a href=\"http:\/\/www.st-pedagozi.net\/wp-content\/uploads\/2011\/10\/P1010139.jpg\"><img loading=\"lazy\" decoding=\"async\" aria-describedby=\"caption-attachment-1846\" class=\" wp-image-1846\" title=\"Imotski\" src=\"http:\/\/www.st-pedagozi.net\/wp-content\/uploads\/2011\/10\/P1010139.jpg\" alt=\"\" width=\"288\" height=\"384\" srcset=\"http:\/\/www.st-pedagozi.net\/wp-content\/uploads\/2011\/10\/P1010139.jpg 480w, http:\/\/www.st-pedagozi.net\/wp-content\/uploads\/2011\/10\/P1010139-225x300.jpg 225w\" sizes=\"(max-width: 288px) 100vw, 288px\" \/><\/a><p id=\"caption-attachment-1846\" class=\"wp-caption-text\">Park uz Crkvu.<\/p><\/div>\r\n\r\n<div id=\"attachment_1852\" style=\"width: 303px\" class=\"wp-caption aligncenter\"><a href=\"http:\/\/www.st-pedagozi.net\/wp-content\/uploads\/2011\/10\/P1010146.jpg\"><img loading=\"lazy\" decoding=\"async\" aria-describedby=\"caption-attachment-1852\" class=\" wp-image-1852  \" title=\"P1010146\" src=\"http:\/\/www.st-pedagozi.net\/wp-content\/uploads\/2011\/10\/P1010146.jpg\" alt=\"\" width=\"293\" height=\"461\" srcset=\"http:\/\/www.st-pedagozi.net\/wp-content\/uploads\/2011\/10\/P1010146.jpg 407w, http:\/\/www.st-pedagozi.net\/wp-content\/uploads\/2011\/10\/P1010146-190x300.jpg 190w\" sizes=\"(max-width: 293px) 100vw, 293px\" \/><\/a><p id=\"caption-attachment-1852\" class=\"wp-caption-text\">Spomenik Vladi Gotovcu.<\/p><\/div>\r\n\r\n<div id=\"attachment_1733\" style=\"width: 311px\" class=\"wp-caption aligncenter\"><a href=\"http:\/\/www.st-pedagozi.net\/wp-content\/uploads\/2011\/10\/p1010138.jpg\"><img loading=\"lazy\" decoding=\"async\" aria-describedby=\"caption-attachment-1733\" class=\" wp-image-1733\" title=\"P1010138\" src=\"http:\/\/www.st-pedagozi.net\/wp-content\/uploads\/2011\/10\/p1010138.jpg\" alt=\"\" width=\"301\" height=\"422\" srcset=\"http:\/\/www.st-pedagozi.net\/wp-content\/uploads\/2011\/10\/p1010138.jpg 457w, http:\/\/www.st-pedagozi.net\/wp-content\/uploads\/2011\/10\/p1010138-214x300.jpg 214w\" sizes=\"(max-width: 301px) 100vw, 301px\" \/><\/a><p id=\"caption-attachment-1733\" class=\"wp-caption-text\">Jednostavno skladna.<\/p><\/div>\r\n<p style=\"text-align: center;\"><\/p>","protected":false},"excerpt":{"rendered":"<p>Ima Silvana sedmera vrata. Vrata od rije\u010di. Vrata od pokreta. Vrata od stava. Vrata od pogleda. Vrata od emocija. Vrata od srca. Na sedmera vrata do\u0111e i s ljudima od \u0161kole govorni\u0161tvo pro\u0111e. Prepjev pjesme Petra Gudelja &#8220;Put u Imotu&#8221; &hellip;<\/p>\n<p class=\"read-more\"><a href=\"http:\/\/www.st-pedagozi.net\/?p=1696\">Read more &raquo;<\/a><\/p>\n","protected":false},"author":2,"featured_media":0,"comment_status":"open","ping_status":"open","sticky":false,"template":"","format":"standard","meta":{"footnotes":""},"categories":[7],"tags":[16,17],"_links":{"self":[{"href":"http:\/\/www.st-pedagozi.net\/index.php?rest_route=\/wp\/v2\/posts\/1696"}],"collection":[{"href":"http:\/\/www.st-pedagozi.net\/index.php?rest_route=\/wp\/v2\/posts"}],"about":[{"href":"http:\/\/www.st-pedagozi.net\/index.php?rest_route=\/wp\/v2\/types\/post"}],"author":[{"embeddable":true,"href":"http:\/\/www.st-pedagozi.net\/index.php?rest_route=\/wp\/v2\/users\/2"}],"replies":[{"embeddable":true,"href":"http:\/\/www.st-pedagozi.net\/index.php?rest_route=%2Fwp%2Fv2%2Fcomments&post=1696"}],"version-history":[{"count":6,"href":"http:\/\/www.st-pedagozi.net\/index.php?rest_route=\/wp\/v2\/posts\/1696\/revisions"}],"predecessor-version":[{"id":1826,"href":"http:\/\/www.st-pedagozi.net\/index.php?rest_route=\/wp\/v2\/posts\/1696\/revisions\/1826"}],"wp:attachment":[{"href":"http:\/\/www.st-pedagozi.net\/index.php?rest_route=%2Fwp%2Fv2%2Fmedia&parent=1696"}],"wp:term":[{"taxonomy":"category","embeddable":true,"href":"http:\/\/www.st-pedagozi.net\/index.php?rest_route=%2Fwp%2Fv2%2Fcategories&post=1696"},{"taxonomy":"post_tag","embeddable":true,"href":"http:\/\/www.st-pedagozi.net\/index.php?rest_route=%2Fwp%2Fv2%2Ftags&post=1696"}],"curies":[{"name":"wp","href":"https:\/\/api.w.org\/{rel}","templated":true}]}}