{"id":1884,"date":"2012-01-15T21:45:37","date_gmt":"2012-01-15T20:45:37","guid":{"rendered":"http:\/\/www.st-pedagozi.net\/?p=1884"},"modified":"2012-01-15T21:45:37","modified_gmt":"2012-01-15T20:45:37","slug":"cini-dobro-i-dobru-se-nadaj","status":"publish","type":"post","link":"http:\/\/www.st-pedagozi.net\/?p=1884","title":{"rendered":"&#8220;\u010cini dobro i dobru se nadaj!&#8221;"},"content":{"rendered":"<div id=\"attachment_1885\" style=\"width: 280px\" class=\"wp-caption alignleft\"><a href=\"http:\/\/www.st-pedagozi.net\/wp-content\/uploads\/2012\/01\/01.jpg\"><img loading=\"lazy\" decoding=\"async\" aria-describedby=\"caption-attachment-1885\" class=\" wp-image-1885\" title=\"mertojak\" src=\"http:\/\/www.st-pedagozi.net\/wp-content\/uploads\/2012\/01\/01-300x200.jpg\" alt=\"\" width=\"270\" height=\"180\" srcset=\"http:\/\/www.st-pedagozi.net\/wp-content\/uploads\/2012\/01\/01-300x200.jpg 300w, http:\/\/www.st-pedagozi.net\/wp-content\/uploads\/2012\/01\/01.jpg 900w\" sizes=\"(max-width: 270px) 100vw, 270px\" \/><\/a><p id=\"caption-attachment-1885\" class=\"wp-caption-text\">\u0160kola - prijatelj zajednice<\/p><\/div>\r\n\r\n&nbsp;\r\n\r\n<span style=\"color: #ffffff;\">\u02dc<\/span>\r\n<p style=\"text-align: justify;\">Iako vijest nije nova, a i vrijeme \u010destitanja je pro\u0161lo, moto<strong> &#8220;\u010cini dobro i dobru se nadaj!&#8221;<\/strong> ne mo\u017ee poticajnije otvoriti stranicu na novoj domeni u Novoj godini. Zato \u010destitamo <strong>Sanji Krce-Gavran\u010di\u0107, pedagoginji O\u0160 &#8220;Mertojak&#8221; u Splitu i njenoj grupi &#8220;Prijateljska pomo\u0107&#8221; na nagradi za volonterstvo &#8220;\u0160kola-prijatelj zajednice&#8221;<\/strong> koju im je dodijelila Zaklada za razvoj civilnog dru\u0161tva za 2011. godinu.<\/p>\r\n<p style=\"text-align: justify;\">Pro\u010ditajmo Sanjine rije\u010di:\r\n&#8220;\u010cini dobro i dobru se nadaj!&#8221; bio je moto male skupine u\u010denika i mene 2005.g. kada smo osnovali &#8220;Prijateljsku pomo\u0107&#8221;. S namjerom da pomognemo u\u010denicima na\u0161e \u0161kole s pote\u0161ko\u0107ama u u\u010denju, krenuli smo s projektom volontiranja. Tako su u\u010denici jedni drugima pomagali rje\u0161avati doma\u0107e i \u0161kolske zada\u0107e. Kako se javljao sve ve\u0107i broj mladih volontera trebalo je i njima dati zadatke pa smo krenuli s organiziranjem humanitarnih akcija za pomo\u0107 na\u0161im u\u010denicima, ali i potrebitima u gradu. <!--more-->Slijedilo je povezivanje s raznim splitskim udrugama te sudjelovanje na dru\u017eenjima i zajedni\u010dkim volonterskim projektima u Splitu. Volonterske inicijative provodili smo opet uz pomo\u0107 volontera: u\u010ditelja, roditelja, udruga, organizacija, institucija, tvrtki&#8230; Najve\u0107a nagrada bila su nam sre\u0107a i osmjesi onih kojima smo pomagali. Me\u0111utim, ove godine dobili smo dr\u017eavno priznanje i nagradu za na\u0161 trud \u0161to nas je dodatno potaklo na daljnje volonterske inicijative.\r\nKao pedagoginju, vo\u0111enje ovog projekta me ispunjava i veseli jer kroz njega objedinjujem sva svoja znanja i vje\u0161tine. Provode\u0107i jedan oblik preventivnog programa poku\u0161avam utjecati na pozitivan, zdravi razvoj djece i mladih. Kroz volontiranje razvija se i pojedinac i dru\u0161tvo. Poti\u010de se razvijanje humanih vrijednosti kao \u0161to su suosje\u0107anje, briga za druge, tolerancija&#8230;. Socijalno osjetljive skupine postaju va\u017ean dio zajednice te im se pru\u017ea potrebna pa\u017enja i pomo\u0107. Dru\u0161tvo u cjelini razvija se kroz razvoj sustava vrijednosti pojedinaca.<\/p>","protected":false},"excerpt":{"rendered":"<p>&nbsp; \u02dc Iako vijest nije nova, a i vrijeme \u010destitanja je pro\u0161lo, moto &#8220;\u010cini dobro i dobru se nadaj!&#8221; ne mo\u017ee poticajnije otvoriti stranicu na novoj domeni u Novoj godini. Zato \u010destitamo Sanji Krce-Gavran\u010di\u0107, pedagoginji O\u0160 &#8220;Mertojak&#8221; u Splitu i &hellip;<\/p>\n<p class=\"read-more\"><a href=\"http:\/\/www.st-pedagozi.net\/?p=1884\">Read more &raquo;<\/a><\/p>\n","protected":false},"author":1,"featured_media":0,"comment_status":"open","ping_status":"open","sticky":false,"template":"","format":"standard","meta":{"footnotes":""},"categories":[8,5],"tags":[36,17],"_links":{"self":[{"href":"http:\/\/www.st-pedagozi.net\/index.php?rest_route=\/wp\/v2\/posts\/1884"}],"collection":[{"href":"http:\/\/www.st-pedagozi.net\/index.php?rest_route=\/wp\/v2\/posts"}],"about":[{"href":"http:\/\/www.st-pedagozi.net\/index.php?rest_route=\/wp\/v2\/types\/post"}],"author":[{"embeddable":true,"href":"http:\/\/www.st-pedagozi.net\/index.php?rest_route=\/wp\/v2\/users\/1"}],"replies":[{"embeddable":true,"href":"http:\/\/www.st-pedagozi.net\/index.php?rest_route=%2Fwp%2Fv2%2Fcomments&post=1884"}],"version-history":[{"count":16,"href":"http:\/\/www.st-pedagozi.net\/index.php?rest_route=\/wp\/v2\/posts\/1884\/revisions"}],"predecessor-version":[{"id":1902,"href":"http:\/\/www.st-pedagozi.net\/index.php?rest_route=\/wp\/v2\/posts\/1884\/revisions\/1902"}],"wp:attachment":[{"href":"http:\/\/www.st-pedagozi.net\/index.php?rest_route=%2Fwp%2Fv2%2Fmedia&parent=1884"}],"wp:term":[{"taxonomy":"category","embeddable":true,"href":"http:\/\/www.st-pedagozi.net\/index.php?rest_route=%2Fwp%2Fv2%2Fcategories&post=1884"},{"taxonomy":"post_tag","embeddable":true,"href":"http:\/\/www.st-pedagozi.net\/index.php?rest_route=%2Fwp%2Fv2%2Ftags&post=1884"}],"curies":[{"name":"wp","href":"https:\/\/api.w.org\/{rel}","templated":true}]}}