{"id":1904,"date":"2012-01-23T21:52:47","date_gmt":"2012-01-23T20:52:47","guid":{"rendered":"http:\/\/www.st-pedagozi.net\/?p=1904"},"modified":"2012-01-23T21:59:42","modified_gmt":"2012-01-23T20:59:42","slug":"djeca-svijeta","status":"publish","type":"post","link":"http:\/\/www.st-pedagozi.net\/?p=1904","title":{"rendered":"Djeca svijeta"},"content":{"rendered":"<div id=\"attachment_1905\" style=\"width: 199px\" class=\"wp-caption alignleft\"><a href=\"http:\/\/www.jamesmollison.com\/wherechildrensleep.php\"><img loading=\"lazy\" decoding=\"async\" aria-describedby=\"caption-attachment-1905\" class=\" wp-image-1905  \" title=\"wcs\" src=\"http:\/\/www.st-pedagozi.net\/wp-content\/uploads\/2012\/01\/wcs-300x300.jpg\" alt=\"\" width=\"189\" height=\"189\" srcset=\"http:\/\/www.st-pedagozi.net\/wp-content\/uploads\/2012\/01\/wcs-300x300.jpg 300w, http:\/\/www.st-pedagozi.net\/wp-content\/uploads\/2012\/01\/wcs-150x150.jpg 150w, http:\/\/www.st-pedagozi.net\/wp-content\/uploads\/2012\/01\/wcs.jpg 800w\" sizes=\"(max-width: 189px) 100vw, 189px\" \/><\/a><p id=\"caption-attachment-1905\" class=\"wp-caption-text\">On-line<\/p><\/div>\r\n<p style=\"text-align: justify;\"><span style=\"color: #c0c0c0;\">\u02dc<\/span><\/p>\r\n<p style=\"text-align: justify;\">\u0160to se krije iza jednostavnog naslova knjige <strong>&#8220;Gdje spavaju djeca&#8221;<\/strong> autora <strong>Jamesa Mollisona<\/strong>?<\/p>\r\n<p style=\"text-align: justify;\">Krije se isto tako jednostavan odgovor u obliku kolekcije fotografija djece i prostora u kojima spavaju.<\/p>\r\n<p style=\"text-align: justify;\">Me\u0111utim, jednostavno pitanje i jednostavan odgovor, ovaj put ne nude i jednostavan zaklju\u010dak.\r\nNaprotiv, jednostavnost ideje kojom je za\u010deta ova knjiga informativno-edukativne namjene, odu\u0161evljava upravo bogatstvom nejednostavnih pitanja koja mo\u017ee potaknuti kod onih koji je listaju.<!--more--><\/p>\r\n<a href=\"http:\/\/www.st-pedagozi.net\/wp-content\/uploads\/2012\/01\/003-Japan_Kaya_0463.jpg\"><img loading=\"lazy\" decoding=\"async\" class=\" wp-image-1937 alignright\" title=\"003-Japan_Kaya_0463\" src=\"http:\/\/www.st-pedagozi.net\/wp-content\/uploads\/2012\/01\/003-Japan_Kaya_0463.jpg\" alt=\"\" width=\"378\" height=\"250\" srcset=\"http:\/\/www.st-pedagozi.net\/wp-content\/uploads\/2012\/01\/003-Japan_Kaya_0463.jpg 630w, http:\/\/www.st-pedagozi.net\/wp-content\/uploads\/2012\/01\/003-Japan_Kaya_0463-300x198.jpg 300w\" sizes=\"(max-width: 378px) 100vw, 378px\" \/><\/a><span style=\"color: #c0c0c0;\">\u02dc<\/span>\r\n\r\n<span style=\"color: #c0c0c0;\">\u02dc<\/span>\r\n\r\nKaya (4) iz Japana. Dijeli sobu s odje\u0107om i obu\u0107om na koju majka tro\u0161i 1000$ mjese\u010dno.\r\n\r\n&nbsp;\r\n\r\n&nbsp;\r\n\r\n&nbsp;\r\n\r\n&nbsp;\r\n\r\n<a href=\"http:\/\/www.st-pedagozi.net\/wp-content\/uploads\/2012\/01\/005-Italy_Gypsy_0123.jpg\"><img loading=\"lazy\" decoding=\"async\" class=\"alignleft  wp-image-1939\" title=\"005-Italy_Gypsy_0123\" src=\"http:\/\/www.st-pedagozi.net\/wp-content\/uploads\/2012\/01\/005-Italy_Gypsy_0123.jpg\" alt=\"\" width=\"378\" height=\"250\" srcset=\"http:\/\/www.st-pedagozi.net\/wp-content\/uploads\/2012\/01\/005-Italy_Gypsy_0123.jpg 630w, http:\/\/www.st-pedagozi.net\/wp-content\/uploads\/2012\/01\/005-Italy_Gypsy_0123-300x198.jpg 300w\" sizes=\"(max-width: 378px) 100vw, 378px\" \/><\/a>\r\n\r\n&nbsp;\r\n\r\n<span style=\"color: #c0c0c0;\">\u02dc<\/span>\r\n\r\n<span style=\"color: #c0c0c0;\">\u02dc<\/span>\r\n\r\nNema imena. Iz Rumunjske je. Dijeli madrac s obitelji, negdje u okolici Rima.\r\n\r\n<a href=\"http:\/\/www.st-pedagozi.net\/wp-content\/uploads\/2012\/01\/012-Nepal_Indira_80621.jpg\"><img loading=\"lazy\" decoding=\"async\" class=\"alignright  wp-image-1941\" title=\"012-Nepal_Indira_8062\" src=\"http:\/\/www.st-pedagozi.net\/wp-content\/uploads\/2012\/01\/012-Nepal_Indira_80621.jpg\" alt=\"\" width=\"378\" height=\"250\" \/><\/a>\r\n\r\n&nbsp;\r\n\r\n&nbsp;\r\n\r\n<span style=\"color: #c0c0c0;\">\u02dc<\/span>\r\n\r\n<span style=\"color: #c0c0c0;\">\u02dc<\/span>\r\n\r\n<span style=\"color: #888888;\">\u02dc<\/span>\r\n\r\nIndira (7) iz Nepala. Dijeli madrac s roditeljima, bratom i sestrom. Dnevno radi \u0161est sati u kamenolomu.\r\n\r\n&nbsp;\r\n\r\n&nbsp;\r\n\r\n<a href=\"http:\/\/www.st-pedagozi.net\/wp-content\/uploads\/2012\/01\/021-China_Dong_0982.jpg\"><img loading=\"lazy\" decoding=\"async\" class=\"alignleft  wp-image-1943\" title=\"021-China_Dong_0982\" src=\"http:\/\/www.st-pedagozi.net\/wp-content\/uploads\/2012\/01\/021-China_Dong_0982.jpg\" alt=\"\" width=\"378\" height=\"250\" srcset=\"http:\/\/www.st-pedagozi.net\/wp-content\/uploads\/2012\/01\/021-China_Dong_0982.jpg 630w, http:\/\/www.st-pedagozi.net\/wp-content\/uploads\/2012\/01\/021-China_Dong_0982-300x198.jpg 300w\" sizes=\"(max-width: 378px) 100vw, 378px\" \/><\/a>\r\n\r\n<span style=\"color: #c0c0c0;\">\u02dc<\/span>\r\n\r\n<span style=\"color: #c0c0c0;\">\u00a0\u02dc<\/span>\r\n\r\n<span style=\"color: #c0c0c0;\">\u02dc<\/span>\r\n\r\n<span style=\"color: #c0c0c0;\">\u02dc<\/span>\r\n\r\n&nbsp;\r\n\r\n<span style=\"color: #c0c0c0;\">\u00a0\u02dc<\/span>\r\n\r\n&nbsp;\r\n\r\nDong (9) iz Kine. Dijeli sobu s roditeljima i sestrom.\r\n\r\n<a href=\"http:\/\/www.st-pedagozi.net\/wp-content\/uploads\/2012\/01\/wherechildrensleep111.jpg\"><img loading=\"lazy\" decoding=\"async\" class=\"alignright  wp-image-1926\" title=\"wherechildrensleep111\" src=\"http:\/\/www.st-pedagozi.net\/wp-content\/uploads\/2012\/01\/wherechildrensleep111.jpg\" alt=\"\" width=\"354\" height=\"221\" srcset=\"http:\/\/www.st-pedagozi.net\/wp-content\/uploads\/2012\/01\/wherechildrensleep111.jpg 590w, http:\/\/www.st-pedagozi.net\/wp-content\/uploads\/2012\/01\/wherechildrensleep111-300x187.jpg 300w\" sizes=\"(max-width: 354px) 100vw, 354px\" \/><\/a>\r\n\r\n&nbsp;\r\n\r\n<span style=\"color: #c0c0c0;\">\u02dc<\/span>\r\n\r\n<span style=\"color: #c0c0c0;\">\u02dc<\/span>\r\n\r\n<span style=\"color: #888888;\">\u02dc<\/span>\r\n\r\nJasmine (4) iz SAD-a. Sobu &#8220;dijeli&#8221; s lentama s brojnih izbora ljepote.\r\n\r\n&nbsp;\r\n\r\n<span style=\"color: #c0c0c0;\">\u02dc<\/span>\r\n\r\n<span style=\"color: #c0c0c0;\">\u02dc<\/span>\r\n\r\n<strong>Kako bi se oni mogli razumjeti?<\/strong>\r\n<strong> Dobra tema za Dan dje\u010djih prava, Dan tolerancije&#8230;.<\/strong>","protected":false},"excerpt":{"rendered":"<p>\u02dc \u0160to se krije iza jednostavnog naslova knjige &#8220;Gdje spavaju djeca&#8221; autora Jamesa Mollisona? Krije se isto tako jednostavan odgovor u obliku kolekcije fotografija djece i prostora u kojima spavaju. Me\u0111utim, jednostavno pitanje i jednostavan odgovor, ovaj put ne nude &hellip;<\/p>\n<p class=\"read-more\"><a href=\"http:\/\/www.st-pedagozi.net\/?p=1904\">Read more &raquo;<\/a><\/p>\n","protected":false},"author":1,"featured_media":0,"comment_status":"open","ping_status":"open","sticky":false,"template":"","format":"standard","meta":{"footnotes":""},"categories":[8,3],"tags":[41,42,27],"_links":{"self":[{"href":"http:\/\/www.st-pedagozi.net\/index.php?rest_route=\/wp\/v2\/posts\/1904"}],"collection":[{"href":"http:\/\/www.st-pedagozi.net\/index.php?rest_route=\/wp\/v2\/posts"}],"about":[{"href":"http:\/\/www.st-pedagozi.net\/index.php?rest_route=\/wp\/v2\/types\/post"}],"author":[{"embeddable":true,"href":"http:\/\/www.st-pedagozi.net\/index.php?rest_route=\/wp\/v2\/users\/1"}],"replies":[{"embeddable":true,"href":"http:\/\/www.st-pedagozi.net\/index.php?rest_route=%2Fwp%2Fv2%2Fcomments&post=1904"}],"version-history":[{"count":47,"href":"http:\/\/www.st-pedagozi.net\/index.php?rest_route=\/wp\/v2\/posts\/1904\/revisions"}],"predecessor-version":[{"id":1958,"href":"http:\/\/www.st-pedagozi.net\/index.php?rest_route=\/wp\/v2\/posts\/1904\/revisions\/1958"}],"wp:attachment":[{"href":"http:\/\/www.st-pedagozi.net\/index.php?rest_route=%2Fwp%2Fv2%2Fmedia&parent=1904"}],"wp:term":[{"taxonomy":"category","embeddable":true,"href":"http:\/\/www.st-pedagozi.net\/index.php?rest_route=%2Fwp%2Fv2%2Fcategories&post=1904"},{"taxonomy":"post_tag","embeddable":true,"href":"http:\/\/www.st-pedagozi.net\/index.php?rest_route=%2Fwp%2Fv2%2Ftags&post=1904"}],"curies":[{"name":"wp","href":"https:\/\/api.w.org\/{rel}","templated":true}]}}