{"id":2456,"date":"2013-01-24T21:28:20","date_gmt":"2013-01-24T20:28:20","guid":{"rendered":"http:\/\/www.st-pedagozi.net\/?p=2456"},"modified":"2014-01-21T19:51:10","modified_gmt":"2014-01-21T18:51:10","slug":"staziranje-i-strucni-ispit-strucnih-suradnika-pedagoga","status":"publish","type":"post","link":"http:\/\/www.st-pedagozi.net\/?p=2456","title":{"rendered":"Sta\u017eiranje i stru\u010dni ispit stru\u010dnih suradnika pedagoga"},"content":{"rendered":"<a href=\"http:\/\/www.st-pedagozi.net\/wp-content\/uploads\/2013\/01\/indeksiraj.jpg\"><img loading=\"lazy\" decoding=\"async\" class=\"alignleft  wp-image-2457\" alt=\"ispit\" src=\"http:\/\/www.st-pedagozi.net\/wp-content\/uploads\/2013\/01\/indeksiraj.jpg\" width=\"207\" height=\"155\" \/><\/a>\r\n<h6><span style=\"color: #ff6600;\"><strong><strong>Osposobljavanje pedagoga pripravnika za odgojno-obrazovni rad i polaganje stru\u010dnog ispita<\/strong><\/strong><\/span><\/h6>\r\n<address>Stru\u010dni skup za stru\u010dne suradnike pedagoge pripravnike i njihove mentore<\/address>&nbsp;\r\n\r\n<address><span style=\"color: #ffffff;\">\u02dc<\/span>\r\nSplit , sije\u010danj 2013.<\/address>&nbsp;\r\n<p style=\"text-align: justify;\">Mladost pedago\u0161ke struke ispunila je knji\u017enicu O\u0160 &#8220;Gripe&#8221; o\u010dekuju\u0107i odgovore, savjete, upute, a negdje u sebi sigurno i nade u po\u010detak svog profesionalnog puta, na skupu koji je u organizaciji AZOO-e vodila vi\u0161a savjetnica za stru\u010dne suradnike pedagoge <strong>\u0110ur\u0111ica Kaurloto-Martini\u0107,prof.<\/strong><\/p>\r\n<p style=\"text-align: center;\">Izlaga\u010di su se potrudili obraditi sve va\u017ene informacije koje se odnose na cijeli postupak i tijek pripravni\u010dkog sta\u017ea i stru\u010dnog ispita, a na pripravnicima ostaje da &#8220;svom snagom&#8221; primijene pouku iz pri\u010de koju je Deana prona\u0161la upravo za njih. <!--more-->Prisjetimo se pri\u010de &#8220;<strong>Svom snagom<\/strong>&#8220;!\r\nOtac je promatrao svog sin\u010di\u0107a kako poku\u0161ava premjestiti ove\u0107u vazu s cvije\u0107em.\r\nMali\u0161an se trudio, naprezao, mrmljao, ali nije ju uspio ni pomaknuti.\r\n&#8221; Jesi li upotrijebio sve svoje snage? &#8221; upita ga otac.\r\n&#8221; Jesam &#8220;, odgovori mu dje\u010da\u010di\u0107.\r\n&#8221; Nisi &#8220;, odvrati mu otac, &#8221; jer nisi pozvao mene da ti pomognem! &#8221;\r\n(Pri\u010de za du\u0161u, Bruno Ferrero)<\/p>\r\n\r\n<h6 style=\"text-align: left;\"><strong>Materijali sa skupa:<\/strong>\r\n<span style=\"color: #ff6600;\"><strong><a href=\"http:\/\/www.st-pedagozi.net\/wp-content\/uploads\/2013\/01\/STA\u017dIRANJE-I-POLAGANJE-STRU\u010cNOG-ISPITA-O\u0160-i.ppt\"><span style=\"color: #ff6600;\">STA\u017dIRANJE I POLAGANJE STRU\u010cNOG ISPITA &#8211; \u0110ur\u0111ica Kaurloto Martini\u0107,prof. <\/span><\/a><\/strong><\/span><\/h6>\r\n<h6 style=\"text-align: left;\"><span style=\"color: #ff6600;\"> <strong><a href=\"http:\/\/www.st-pedagozi.net\/wp-content\/uploads\/2013\/01\/STRU\u010cNI-ISPIT-PEDAGOZI.ppt\"><span style=\"color: #ff6600;\">STRU\u010cNI ISPIT &#8211; PEDAGOZI &#8211; \u0110ur\u0111ica Kaurloto-Martini\u0107,prof.<\/span><\/a><\/strong><\/span><\/h6>\r\n<h6 style=\"text-align: left;\"><span style=\"color: #ff6600;\"> <strong><a href=\"http:\/\/www.st-pedagozi.net\/wp-content\/uploads\/2013\/01\/prakti\u010dni-rad-za-stru\u010dni-ispit-pedagoga.pptx\"><span style=\"color: #ff6600;\">PRAKTI\u010cAN RAD ZA STRU\u010cNI ISPIT PEDAGOGA &#8211; Agnes Jela\u010di\u0107,dipl.ped.<\/span><\/a><\/strong><\/span><\/h6>\r\n<h6 style=\"text-align: left;\"><span style=\"color: #ff6600;\"> <strong><a href=\"http:\/\/www.st-pedagozi.net\/wp-content\/uploads\/2013\/01\/MENTOR-PRIPRAVNIK2013.ppt\"><span style=\"color: #ff6600;\">MENTOR PRIPRAVNIK 2013 &#8211;\u00a0 Deana Gai\u0107-Kali\u010danin,prof.<\/span><\/a><\/strong><\/span><\/h6>\r\n<h6 style=\"text-align: left;\"><strong>Dodatni korisni materijali:<\/strong>\r\n<span style=\"color: #ff6600;\"><strong><a href=\"http:\/\/www.st-pedagozi.net\/wp-content\/uploads\/2011\/04\/organizacija-rada-skole-i-zakonski-propisi.pdf\"><span style=\"color: #ff6600;\">ORGANIZACIJA RADA SKOLE I ZAKONSKI PROPISI<\/span><\/a> &#8211; Davor \u0160imi\u0107,prof.<\/strong><\/span><\/h6>\r\n<h6 style=\"text-align: left;\">\r\n<span style=\"color: #ff6600;\"> <strong><a href=\"http:\/\/www.st-pedagozi.net\/wp-content\/uploads\/2011\/04\/jezic48dni-savjeti-za-pisani-dio-struc48dnog-ispita.pdf\"><span style=\"color: #ff6600;\">JEZI\u010cNI SAVJETI ZA PISANI DIO STRU\u010cNOG ISPITA<\/span><\/a><\/strong><\/span><\/h6>\r\n&nbsp;\r\n\r\n&nbsp;","protected":false},"excerpt":{"rendered":"<p>Osposobljavanje pedagoga pripravnika za odgojno-obrazovni rad i polaganje stru\u010dnog ispita Stru\u010dni skup za stru\u010dne suradnike pedagoge pripravnike i njihove mentore&nbsp; \u02dc Split , sije\u010danj 2013.&nbsp; Mladost pedago\u0161ke struke ispunila je knji\u017enicu O\u0160 &#8220;Gripe&#8221; o\u010dekuju\u0107i odgovore, savjete, upute, a negdje u &hellip;<\/p>\n<p class=\"read-more\"><a href=\"http:\/\/www.st-pedagozi.net\/?p=2456\">Read more &raquo;<\/a><\/p>\n","protected":false},"author":1,"featured_media":0,"comment_status":"open","ping_status":"open","sticky":false,"template":"","format":"standard","meta":{"footnotes":""},"categories":[6],"tags":[22,25],"_links":{"self":[{"href":"http:\/\/www.st-pedagozi.net\/index.php?rest_route=\/wp\/v2\/posts\/2456"}],"collection":[{"href":"http:\/\/www.st-pedagozi.net\/index.php?rest_route=\/wp\/v2\/posts"}],"about":[{"href":"http:\/\/www.st-pedagozi.net\/index.php?rest_route=\/wp\/v2\/types\/post"}],"author":[{"embeddable":true,"href":"http:\/\/www.st-pedagozi.net\/index.php?rest_route=\/wp\/v2\/users\/1"}],"replies":[{"embeddable":true,"href":"http:\/\/www.st-pedagozi.net\/index.php?rest_route=%2Fwp%2Fv2%2Fcomments&post=2456"}],"version-history":[{"count":30,"href":"http:\/\/www.st-pedagozi.net\/index.php?rest_route=\/wp\/v2\/posts\/2456\/revisions"}],"predecessor-version":[{"id":2917,"href":"http:\/\/www.st-pedagozi.net\/index.php?rest_route=\/wp\/v2\/posts\/2456\/revisions\/2917"}],"wp:attachment":[{"href":"http:\/\/www.st-pedagozi.net\/index.php?rest_route=%2Fwp%2Fv2%2Fmedia&parent=2456"}],"wp:term":[{"taxonomy":"category","embeddable":true,"href":"http:\/\/www.st-pedagozi.net\/index.php?rest_route=%2Fwp%2Fv2%2Fcategories&post=2456"},{"taxonomy":"post_tag","embeddable":true,"href":"http:\/\/www.st-pedagozi.net\/index.php?rest_route=%2Fwp%2Fv2%2Ftags&post=2456"}],"curies":[{"name":"wp","href":"https:\/\/api.w.org\/{rel}","templated":true}]}}