{"id":2563,"date":"2013-03-09T18:28:37","date_gmt":"2013-03-09T17:28:37","guid":{"rendered":"http:\/\/www.st-pedagozi.net\/?p=2563"},"modified":"2013-03-14T17:56:45","modified_gmt":"2013-03-14T16:56:45","slug":"upisi-u-srednje-skole-u-sk-god-2013-2014","status":"publish","type":"post","link":"http:\/\/www.st-pedagozi.net\/?p=2563","title":{"rendered":"Upisi u srednje \u0161kole u \u0161k.god.2013.\/2014."},"content":{"rendered":"<div id=\"attachment_2567\" style=\"width: 196px\" class=\"wp-caption alignleft\"><a href=\"http:\/\/www.st-pedagozi.net\/wp-content\/uploads\/2013\/03\/cmpsilho.gif\"><img loading=\"lazy\" decoding=\"async\" aria-describedby=\"caption-attachment-2567\" class=\" wp-image-2567\" alt=\"cmpsilho\" src=\"http:\/\/www.st-pedagozi.net\/wp-content\/uploads\/2013\/03\/cmpsilho-265x300.gif\" width=\"186\" height=\"210\" \/><\/a><p id=\"caption-attachment-2567\" class=\"wp-caption-text\">Samo jedan klik!<\/p><\/div>\r\n\r\n&nbsp;\r\n<p style=\"text-align: center;\"><span style=\"color: #ffffff;\">\u02dc<\/span><\/p>\r\n<p style=\"text-align: justify;\"><strong><span style=\"color: #ff6600;\"><a href=\"http:\/\/http:\/\/public.mzos.hr\/Default.aspx?art=12153&amp;sec=3339\"><span style=\"color: #ff6600;\">Odluka o elementima i kriterijima za izbor kandidata za upis u srednje \u0161kole u \u0161kolskoj godini 2013.\/2014.<\/span><\/a><\/span><\/strong> done\u0161ena je u sije\u010dnju, <strong><span style=\"color: #ff6600;\"><a href=\"http:\/\/http:\/\/public.mzos.hr\/Default.aspx?art=12254&amp;sec=3339\"><span style=\"color: #ff6600;\">Naj\u010de\u0161\u0107e postavljana pitanja u velja\u010di,<\/span><\/a><\/span><\/strong> a mi u o\u017eujku donosimo sintezu u prezentaciji &#8220;<strong><span style=\"color: #ff6600;\"><a href=\"http:\/\/www.st-pedagozi.net\/wp-content\/uploads\/2013\/03\/PO.ppt\"><span style=\"color: #ff6600;\">Kamo nakon osnovne \u0161kole&#8221;<\/span><\/a><\/span><\/strong> &#8211; Tatjane Kod\u017eoman, pedagoginje iz O\u0160 &#8220;Trilj&#8221; te <span style=\"color: #ff6600;\"><strong><a href=\"http:\/\/www.st-pedagozi.net\/wp-content\/uploads\/2013\/03\/elementi-i-kriteriji.pdf\"><span style=\"color: #ff6600;\">letak za u\u010denike i roditelje<\/span><\/a><\/strong><\/span> &#8211; Ante Karina, pedagoga O\u0160 &#8220;Zmijavci&#8221;.<\/p>\r\n<p style=\"text-align: justify;\">Sigurni smo da \u0107e mnogima biti korisni materijali.<\/p>","protected":false},"excerpt":{"rendered":"<p>&nbsp; \u02dc Odluka o elementima i kriterijima za izbor kandidata za upis u srednje \u0161kole u \u0161kolskoj godini 2013.\/2014. done\u0161ena je u sije\u010dnju, Naj\u010de\u0161\u0107e postavljana pitanja u velja\u010di, a mi u o\u017eujku donosimo sintezu u prezentaciji &#8220;Kamo nakon osnovne \u0161kole&#8221; &hellip;<\/p>\n<p class=\"read-more\"><a href=\"http:\/\/www.st-pedagozi.net\/?p=2563\">Read more &raquo;<\/a><\/p>\n","protected":false},"author":1,"featured_media":0,"comment_status":"open","ping_status":"open","sticky":false,"template":"","format":"standard","meta":{"footnotes":""},"categories":[5],"tags":[29],"_links":{"self":[{"href":"http:\/\/www.st-pedagozi.net\/index.php?rest_route=\/wp\/v2\/posts\/2563"}],"collection":[{"href":"http:\/\/www.st-pedagozi.net\/index.php?rest_route=\/wp\/v2\/posts"}],"about":[{"href":"http:\/\/www.st-pedagozi.net\/index.php?rest_route=\/wp\/v2\/types\/post"}],"author":[{"embeddable":true,"href":"http:\/\/www.st-pedagozi.net\/index.php?rest_route=\/wp\/v2\/users\/1"}],"replies":[{"embeddable":true,"href":"http:\/\/www.st-pedagozi.net\/index.php?rest_route=%2Fwp%2Fv2%2Fcomments&post=2563"}],"version-history":[{"count":13,"href":"http:\/\/www.st-pedagozi.net\/index.php?rest_route=\/wp\/v2\/posts\/2563\/revisions"}],"predecessor-version":[{"id":2576,"href":"http:\/\/www.st-pedagozi.net\/index.php?rest_route=\/wp\/v2\/posts\/2563\/revisions\/2576"}],"wp:attachment":[{"href":"http:\/\/www.st-pedagozi.net\/index.php?rest_route=%2Fwp%2Fv2%2Fmedia&parent=2563"}],"wp:term":[{"taxonomy":"category","embeddable":true,"href":"http:\/\/www.st-pedagozi.net\/index.php?rest_route=%2Fwp%2Fv2%2Fcategories&post=2563"},{"taxonomy":"post_tag","embeddable":true,"href":"http:\/\/www.st-pedagozi.net\/index.php?rest_route=%2Fwp%2Fv2%2Ftags&post=2563"}],"curies":[{"name":"wp","href":"https:\/\/api.w.org\/{rel}","templated":true}]}}