{"id":2591,"date":"2013-03-21T19:54:31","date_gmt":"2013-03-21T18:54:31","guid":{"rendered":"http:\/\/www.st-pedagozi.net\/?p=2591"},"modified":"2013-03-21T19:54:48","modified_gmt":"2013-03-21T18:54:48","slug":"novi-pravilnici-na-javnoj-raspravi","status":"publish","type":"post","link":"http:\/\/www.st-pedagozi.net\/?p=2591","title":{"rendered":"Novi pravilnici na javnoj raspravi"},"content":{"rendered":"<a href=\"http:\/\/www.st-pedagozi.net\/wp-content\/uploads\/2012\/06\/indeksiraj.jpg\"><img loading=\"lazy\" decoding=\"async\" class=\"alignleft  wp-image-2246\" alt=\"indeksiraj\" src=\"http:\/\/www.st-pedagozi.net\/wp-content\/uploads\/2012\/06\/indeksiraj-300x150.jpg\" width=\"231\" height=\"116\" srcset=\"http:\/\/www.st-pedagozi.net\/wp-content\/uploads\/2012\/06\/indeksiraj-300x150.jpg 300w, http:\/\/www.st-pedagozi.net\/wp-content\/uploads\/2012\/06\/indeksiraj.jpg 317w\" sizes=\"(max-width: 231px) 100vw, 231px\" \/><\/a>\r\n\r\n<span style=\"color: #ffffff;\">\u02dc<\/span>\r\n\r\n<strong>Ministarstvo znanosti, obrazovanja i sporta<\/strong> otvorilo je javnu raspravu o:\r\n<p style=\"text-align: justify;\">1. <strong><span style=\"color: #ff6600;\"><a href=\"http:\/\/public.mzos.hr\/Default.aspx?art=12325&amp;sec=1933\"><span style=\"color: #ff6600;\">Nacrtu prijedloga<\/span><\/a><\/span><\/strong> Pravilnika o na\u010dinu postupanja odgojno-obrazovnih radnika \u0161kolskih ustanova u poduzimanju mjera za\u0161tite prava u\u010denika te prijave svakog kr\u0161enja tih prava nadle\u017enim tijelima i\r\n2. <strong><span style=\"color: #ff6600;\"><a href=\"http:\/\/public.mzos.hr\/Default.aspx?art=12311&amp;sec=1933\"><span style=\"color: #ff6600;\">Nacrtu prijedloga<\/span><\/a><\/span><\/strong> Pravilnika o osnovno\u0161kolskom i srednjo\u0161kolskom odgoju i obrazovanju u\u010denika s te\u0161ko\u0107ama<\/p>\r\n<p style=\"text-align: justify;\"><\/p>","protected":false},"excerpt":{"rendered":"<p>\u02dc Ministarstvo znanosti, obrazovanja i sporta otvorilo je javnu raspravu o: 1. Nacrtu prijedloga Pravilnika o na\u010dinu postupanja odgojno-obrazovnih radnika \u0161kolskih ustanova u poduzimanju mjera za\u0161tite prava u\u010denika te prijave svakog kr\u0161enja tih prava nadle\u017enim tijelima i 2. Nacrtu prijedloga &hellip;<\/p>\n<p class=\"read-more\"><a href=\"http:\/\/www.st-pedagozi.net\/?p=2591\">Read more &raquo;<\/a><\/p>\n","protected":false},"author":1,"featured_media":0,"comment_status":"open","ping_status":"open","sticky":false,"template":"","format":"standard","meta":{"footnotes":""},"categories":[44],"tags":[21],"_links":{"self":[{"href":"http:\/\/www.st-pedagozi.net\/index.php?rest_route=\/wp\/v2\/posts\/2591"}],"collection":[{"href":"http:\/\/www.st-pedagozi.net\/index.php?rest_route=\/wp\/v2\/posts"}],"about":[{"href":"http:\/\/www.st-pedagozi.net\/index.php?rest_route=\/wp\/v2\/types\/post"}],"author":[{"embeddable":true,"href":"http:\/\/www.st-pedagozi.net\/index.php?rest_route=\/wp\/v2\/users\/1"}],"replies":[{"embeddable":true,"href":"http:\/\/www.st-pedagozi.net\/index.php?rest_route=%2Fwp%2Fv2%2Fcomments&post=2591"}],"version-history":[{"count":10,"href":"http:\/\/www.st-pedagozi.net\/index.php?rest_route=\/wp\/v2\/posts\/2591\/revisions"}],"predecessor-version":[{"id":2601,"href":"http:\/\/www.st-pedagozi.net\/index.php?rest_route=\/wp\/v2\/posts\/2591\/revisions\/2601"}],"wp:attachment":[{"href":"http:\/\/www.st-pedagozi.net\/index.php?rest_route=%2Fwp%2Fv2%2Fmedia&parent=2591"}],"wp:term":[{"taxonomy":"category","embeddable":true,"href":"http:\/\/www.st-pedagozi.net\/index.php?rest_route=%2Fwp%2Fv2%2Fcategories&post=2591"},{"taxonomy":"post_tag","embeddable":true,"href":"http:\/\/www.st-pedagozi.net\/index.php?rest_route=%2Fwp%2Fv2%2Ftags&post=2591"}],"curies":[{"name":"wp","href":"https:\/\/api.w.org\/{rel}","templated":true}]}}