{"id":377,"date":"2011-03-24T20:53:08","date_gmt":"2011-03-24T20:53:08","guid":{"rendered":"http:\/\/stpedagozi.wordpress.com\/?p=377"},"modified":"2012-03-16T20:58:56","modified_gmt":"2012-03-16T19:58:56","slug":"pravilnik-o-pocetku-i-zavrsetku-nastavne-godine-2011-2012","status":"publish","type":"post","link":"http:\/\/www.st-pedagozi.net\/?p=377","title":{"rendered":"Pravilnik o po\u010detku i zavr\u0161etku nastavne godine 2011.\/2012."},"content":{"rendered":"<p style=\"text-align: justify;\">Po prvi put, u nazo\u010dnosti dvaju ministara,\u00a0 ministra turizma g. Damira Bajsa i ministra znanosti, obrazovanja i \u0161porta dr. sc. Radovana Fuchsa predstavljen je novi\u00a0 <strong><span style=\"color: #ff6600;\"><a href=\"http:\/\/www.st-pedagozi.net\/wp-content\/uploads\/2011\/03\/pravilnik.pdf\"><span style=\"color: #ff6600;\">Pravilnik<\/span><\/a><\/span><\/strong> o po\u010detku i zavr\u0161etku nastavne godine, broju radnih dana i trajanju odmora u\u010denika osnovnih i srednjih \u0161kola za 2011.\/2012. godinu.<\/p>","protected":false},"excerpt":{"rendered":"<p>Po prvi put, u nazo\u010dnosti dvaju ministara,\u00a0 ministra turizma g. Damira Bajsa i ministra znanosti, obrazovanja i \u0161porta dr. sc. Radovana Fuchsa predstavljen je novi\u00a0 Pravilnik o po\u010detku i zavr\u0161etku nastavne godine, broju radnih dana i trajanju odmora u\u010denika osnovnih &hellip;<\/p>\n<p class=\"read-more\"><a href=\"http:\/\/www.st-pedagozi.net\/?p=377\">Read more &raquo;<\/a><\/p>\n","protected":false},"author":2,"featured_media":0,"comment_status":"closed","ping_status":"open","sticky":false,"template":"","format":"standard","meta":{"footnotes":""},"categories":[5,44],"tags":[21],"_links":{"self":[{"href":"http:\/\/www.st-pedagozi.net\/index.php?rest_route=\/wp\/v2\/posts\/377"}],"collection":[{"href":"http:\/\/www.st-pedagozi.net\/index.php?rest_route=\/wp\/v2\/posts"}],"about":[{"href":"http:\/\/www.st-pedagozi.net\/index.php?rest_route=\/wp\/v2\/types\/post"}],"author":[{"embeddable":true,"href":"http:\/\/www.st-pedagozi.net\/index.php?rest_route=\/wp\/v2\/users\/2"}],"replies":[{"embeddable":true,"href":"http:\/\/www.st-pedagozi.net\/index.php?rest_route=%2Fwp%2Fv2%2Fcomments&post=377"}],"version-history":[{"count":3,"href":"http:\/\/www.st-pedagozi.net\/index.php?rest_route=\/wp\/v2\/posts\/377\/revisions"}],"predecessor-version":[{"id":2157,"href":"http:\/\/www.st-pedagozi.net\/index.php?rest_route=\/wp\/v2\/posts\/377\/revisions\/2157"}],"wp:attachment":[{"href":"http:\/\/www.st-pedagozi.net\/index.php?rest_route=%2Fwp%2Fv2%2Fmedia&parent=377"}],"wp:term":[{"taxonomy":"category","embeddable":true,"href":"http:\/\/www.st-pedagozi.net\/index.php?rest_route=%2Fwp%2Fv2%2Fcategories&post=377"},{"taxonomy":"post_tag","embeddable":true,"href":"http:\/\/www.st-pedagozi.net\/index.php?rest_route=%2Fwp%2Fv2%2Ftags&post=377"}],"curies":[{"name":"wp","href":"https:\/\/api.w.org\/{rel}","templated":true}]}}