{"id":4055,"date":"2016-01-31T12:48:03","date_gmt":"2016-01-31T11:48:03","guid":{"rendered":"http:\/\/www.st-pedagozi.net\/?p=4055"},"modified":"2019-12-08T16:38:07","modified_gmt":"2019-12-08T15:38:07","slug":"vjezbenica-za-rad-s-djecom-s-teskocama-citanja-i-pisanja","status":"publish","type":"post","link":"http:\/\/www.st-pedagozi.net\/?p=4055","title":{"rendered":"Vje\u017ebenica za po\u010detno \u010ditanje i pisanje"},"content":{"rendered":"<a href=\"http:\/\/www.st-pedagozi.net\/wp-content\/uploads\/2016\/01\/VJE\u017dBENICA_plain-pdf-2.pdf-Adobe-Acrobat-Reader-DC-26.10.2015.-103439.jpg\"><img loading=\"lazy\" decoding=\"async\" class=\"alignleft size-medium wp-image-4115\" src=\"http:\/\/www.st-pedagozi.net\/wp-content\/uploads\/2016\/01\/VJE\u017dBENICA_plain-pdf-2.pdf-Adobe-Acrobat-Reader-DC-26.10.2015.-103439-216x300.jpg\" alt=\"VJE\u017dBENICA_plain pdf-2.pdf - Adobe Acrobat Reader DC 26.10.2015. 103439\" width=\"216\" height=\"300\" srcset=\"http:\/\/www.st-pedagozi.net\/wp-content\/uploads\/2016\/01\/VJE\u017dBENICA_plain-pdf-2.pdf-Adobe-Acrobat-Reader-DC-26.10.2015.-103439-216x300.jpg 216w, http:\/\/www.st-pedagozi.net\/wp-content\/uploads\/2016\/01\/VJE\u017dBENICA_plain-pdf-2.pdf-Adobe-Acrobat-Reader-DC-26.10.2015.-103439.jpg 481w\" sizes=\"(max-width: 216px) 100vw, 216px\" \/><\/a>\r\n\r\n<span style=\"color: #ffffff;\">\u00fb<\/span>\r\n<p style=\"text-align: justify;\">Nakon punih petnaest godina, na poticaj brojnih u\u010ditelja, logopeda i roditelja koji su je koristili u radu s djecom, iza\u0161lo je iz tiska drugo izdanje <strong>Vje\u017ebenice za po\u010detno \u010ditanje i pisanje<\/strong>. Izdavanje je sufinancirno sredstvima Grada Splita.<\/p>\r\n<p style=\"text-align: justify;\">Vje\u017ebenica je namijenjena djeci za usvajanje po\u010detnog \u010ditanja i pisanja. Primjerena je u\u010denicima prvog razreda, ali i u\u010denicima od 2. do 4. razreda kod kojih su prisutne pote\u0161ko\u0107e \u010ditanja i pisanja&nbsp; ili su kasnije dijagnosticirane te u radu s u\u010denicima koji rade po individualiziranom ili prilago\u0111enom nastavnom programu.<\/p>\r\n\r\n\r\n<div id=\"attachment_4107\" style=\"width: 213px\" class=\"wp-caption alignright\"><a href=\"http:\/\/www.st-pedagozi.net\/wp-content\/uploads\/2016\/01\/Kola\u017ei1.jpg\"><img loading=\"lazy\" decoding=\"async\" aria-describedby=\"caption-attachment-4107\" class=\"wp-image-4107\" src=\"http:\/\/www.st-pedagozi.net\/wp-content\/uploads\/2016\/01\/Kola\u017ei1-300x205.jpg\" alt=\"Kola\u017ei1\" width=\"203\" height=\"141\"><\/a><p id=\"caption-attachment-4107\" class=\"wp-caption-text\"><strong><span style=\"color: #ff0000;\"><a style=\"color: #ff0000;\" href=\"http:\/\/www.st-pedagozi.net\/wp-content\/uploads\/2016\/01\/Kola\u017ei1.jpg\" target=\"_blank\" rel=\"noopener noreferrer\">primjeri vje\u017ebi<\/a><\/span><\/strong><\/p><\/div>\r\n<p style=\"text-align: justify;\">Vje\u017ebenica je nastala kao rezultat dugogodi\u0161njeg logopedskog rada s navedenim u\u010denicima. Sadr\u017eaji i metoda rada prezentirana u Vje\u017ebenici, u dosada\u0161njem radu su se pokazali vrlo u\u010dinkovitima.<\/p>\r\n<p style=\"text-align: justify;\"><strong>Digresija:<\/strong> kao pedagoginja koja je imala sre\u0107u kratko raditi s autoricom, logopedinjom Zorom Jovi\u0107, uvjerila sam se u iznimnu uspje\u0161nost metode na kojoj se temelji Vje\u017ebenica. Radi se o u\u010denju \u010ditanja s oslanjanjem na slog kao osnovnu izgovornu jedinicu. Slogovi su u Vje\u017ebenici ozna\u010deni razli\u010ditim bojama, \u0161to ovoj metodi daje originalnost i posebnost.<\/p>\r\n<p style=\"text-align: justify;\"><!--more-->\r\nDjecu se u proces \u010ditanja uvodi postupno od jednostavnog ka slo\u017eenijem i istovremeno u razumijevanje pro\u010ditanog. Tekstovi koji su djeci sadr\u017eajno bliski, osim edukativne imaju i odgojnu vrijednost jer ih poti\u010du na razmi\u0161ljanje i formiranje stavova.\r\nZadatci su raznoliki; odgovaranja na pitanja usmeno i pisano, dopunjavanje re\u010denica, rje\u0161avanje kri\u017ealjki, sastavljanje pri\u010da, pronala\u017eenje odgovaraju\u0107ih pojmova, zadatci za boga\u0107enje rje\u010dnika, vje\u017ebanje pravopisa i slovnice te tra\u017eenje zna\u010denja rije\u010di. Vje\u017ebenica ima ukupno 94 stranice.<\/p>\r\n<p style=\"text-align: justify;\">Budu\u0107i se u populaciji broj djece s te\u0161ko\u0107ama \u010ditanja i pisanja kre\u0107e oko 10%, ovakav materijal je izuzetno koristan djeci, roditeljima i u\u010diteljima. Uporabom ove Vje\u017ebenice mo\u017ee se uspje\u0161no raditi na prevenciji, ubla\u017eavanju i otklanjanju pote\u0161ko\u0107a \u010ditanja i pisanja.\r\nOvom Vje\u017ebenicom djeci se pru\u017ea mogu\u0107nost samostalnog rada bez ve\u0107e intervencije odraslih \u0161to kod njih ja\u010da samostalnost, motivaciju, zadovoljstvo i samopo\u0161tovanje.<\/p>\r\n&nbsp;\r\n\r\n&nbsp;\r\n\r\n&nbsp;","protected":false},"excerpt":{"rendered":"<p>\u00fb Nakon punih petnaest godina, na poticaj brojnih u\u010ditelja, logopeda i roditelja koji su je koristili u radu s djecom, iza\u0161lo je iz tiska drugo izdanje Vje\u017ebenice za po\u010detno \u010ditanje i pisanje. Izdavanje je sufinancirno sredstvima Grada Splita. Vje\u017ebenica je &hellip;<\/p>\n<p class=\"read-more\"><a href=\"http:\/\/www.st-pedagozi.net\/?p=4055\">Read more &raquo;<\/a><\/p>\n","protected":false},"author":1,"featured_media":0,"comment_status":"open","ping_status":"open","sticky":false,"template":"","format":"standard","meta":{"footnotes":""},"categories":[9,3],"tags":[70,68,69],"_links":{"self":[{"href":"http:\/\/www.st-pedagozi.net\/index.php?rest_route=\/wp\/v2\/posts\/4055"}],"collection":[{"href":"http:\/\/www.st-pedagozi.net\/index.php?rest_route=\/wp\/v2\/posts"}],"about":[{"href":"http:\/\/www.st-pedagozi.net\/index.php?rest_route=\/wp\/v2\/types\/post"}],"author":[{"embeddable":true,"href":"http:\/\/www.st-pedagozi.net\/index.php?rest_route=\/wp\/v2\/users\/1"}],"replies":[{"embeddable":true,"href":"http:\/\/www.st-pedagozi.net\/index.php?rest_route=%2Fwp%2Fv2%2Fcomments&post=4055"}],"version-history":[{"count":25,"href":"http:\/\/www.st-pedagozi.net\/index.php?rest_route=\/wp\/v2\/posts\/4055\/revisions"}],"predecessor-version":[{"id":5250,"href":"http:\/\/www.st-pedagozi.net\/index.php?rest_route=\/wp\/v2\/posts\/4055\/revisions\/5250"}],"wp:attachment":[{"href":"http:\/\/www.st-pedagozi.net\/index.php?rest_route=%2Fwp%2Fv2%2Fmedia&parent=4055"}],"wp:term":[{"taxonomy":"category","embeddable":true,"href":"http:\/\/www.st-pedagozi.net\/index.php?rest_route=%2Fwp%2Fv2%2Fcategories&post=4055"},{"taxonomy":"post_tag","embeddable":true,"href":"http:\/\/www.st-pedagozi.net\/index.php?rest_route=%2Fwp%2Fv2%2Ftags&post=4055"}],"curies":[{"name":"wp","href":"https:\/\/api.w.org\/{rel}","templated":true}]}}