{"id":4314,"date":"2016-12-11T18:34:09","date_gmt":"2016-12-11T17:34:09","guid":{"rendered":"http:\/\/www.st-pedagozi.net\/?p=4314"},"modified":"2016-12-11T18:34:58","modified_gmt":"2016-12-11T17:34:58","slug":"prosinac-nas-poziva","status":"publish","type":"post","link":"http:\/\/www.st-pedagozi.net\/?p=4314","title":{"rendered":"Prosinac nas poziva"},"content":{"rendered":"<h5 style=\"text-align: right;\"><span style=\"color: #ff6600;\">\u00a0 &#8220;<strong><em>Na\u0111i vremena da bude\u0161 dobar \u010dovjek za svoje bli\u017enje.&#8221;<\/em><\/strong><\/span><\/h5>\r\n<p style=\"text-align: right;\"><em><strong>Phil Bosmans<\/strong><\/em><\/p>\r\n<p style=\"text-align: left;\"><strong><em><a href=\"http:\/\/www.st-pedagozi.net\/wp-content\/uploads\/2016\/12\/Microsoft-Wordov-dokument-11.12.2016.-181950.jpg\"><img loading=\"lazy\" decoding=\"async\" class=\"aligncenter wp-image-4342\" src=\"http:\/\/www.st-pedagozi.net\/wp-content\/uploads\/2016\/12\/Microsoft-Wordov-dokument-11.12.2016.-181950.jpg\" alt=\"microsoft-wordov-dokument-11-12-2016-181950\" width=\"511\" height=\"391\" srcset=\"http:\/\/www.st-pedagozi.net\/wp-content\/uploads\/2016\/12\/Microsoft-Wordov-dokument-11.12.2016.-181950.jpg 717w, http:\/\/www.st-pedagozi.net\/wp-content\/uploads\/2016\/12\/Microsoft-Wordov-dokument-11.12.2016.-181950-300x230.jpg 300w\" sizes=\"(max-width: 511px) 100vw, 511px\" \/><\/a><\/em>Podijelimo s u\u010denicima na Satu razrednika<\/strong> <a href=\"http:\/\/www.st-pedagozi.net\/wp-content\/uploads\/2016\/12\/solidarnost.pps\">prezentaciju <span style=\"color: #ff0000;\">&#8220;SOLIDARNOST&#8221;<\/span><\/a>, <a href=\"https:\/\/www.youtube.com\/watch?v=epyGaZ9cSJQ\">video <span style=\"color: #ff0000;\">&#8220;Mali dom&#8221;<\/span> (hvala Aniti)<\/a> &#8211; volontiranje u Africi, video <span style=\"color: #ff0000;\"><a style=\"color: #ff0000;\" href=\"https:\/\/www.youtube.com\/watch?v=ZvYzfkkaD6c\">&#8220;Mali dom&#8221;<\/a><\/span> &#8211; iskustva volontiranja prenosi Lana Jur\u010devi\u0107<\/p>","protected":false},"excerpt":{"rendered":"<p>\u00a0 &#8220;Na\u0111i vremena da bude\u0161 dobar \u010dovjek za svoje bli\u017enje.&#8221; Phil Bosmans Podijelimo s u\u010denicima na Satu razrednika prezentaciju &#8220;SOLIDARNOST&#8221;, video &#8220;Mali dom&#8221; (hvala Aniti) &#8211; volontiranje u Africi, video &#8220;Mali dom&#8221; &#8211; iskustva volontiranja prenosi Lana Jur\u010devi\u0107<\/p>\n","protected":false},"author":1,"featured_media":0,"comment_status":"open","ping_status":"open","sticky":false,"template":"","format":"standard","meta":{"footnotes":""},"categories":[74],"tags":[27],"_links":{"self":[{"href":"http:\/\/www.st-pedagozi.net\/index.php?rest_route=\/wp\/v2\/posts\/4314"}],"collection":[{"href":"http:\/\/www.st-pedagozi.net\/index.php?rest_route=\/wp\/v2\/posts"}],"about":[{"href":"http:\/\/www.st-pedagozi.net\/index.php?rest_route=\/wp\/v2\/types\/post"}],"author":[{"embeddable":true,"href":"http:\/\/www.st-pedagozi.net\/index.php?rest_route=\/wp\/v2\/users\/1"}],"replies":[{"embeddable":true,"href":"http:\/\/www.st-pedagozi.net\/index.php?rest_route=%2Fwp%2Fv2%2Fcomments&post=4314"}],"version-history":[{"count":33,"href":"http:\/\/www.st-pedagozi.net\/index.php?rest_route=\/wp\/v2\/posts\/4314\/revisions"}],"predecessor-version":[{"id":4350,"href":"http:\/\/www.st-pedagozi.net\/index.php?rest_route=\/wp\/v2\/posts\/4314\/revisions\/4350"}],"wp:attachment":[{"href":"http:\/\/www.st-pedagozi.net\/index.php?rest_route=%2Fwp%2Fv2%2Fmedia&parent=4314"}],"wp:term":[{"taxonomy":"category","embeddable":true,"href":"http:\/\/www.st-pedagozi.net\/index.php?rest_route=%2Fwp%2Fv2%2Fcategories&post=4314"},{"taxonomy":"post_tag","embeddable":true,"href":"http:\/\/www.st-pedagozi.net\/index.php?rest_route=%2Fwp%2Fv2%2Ftags&post=4314"}],"curies":[{"name":"wp","href":"https:\/\/api.w.org\/{rel}","templated":true}]}}