{"id":5579,"date":"2020-11-29T18:38:55","date_gmt":"2020-11-29T17:38:55","guid":{"rendered":"http:\/\/www.st-pedagozi.net\/?p=5579"},"modified":"2023-03-11T18:35:43","modified_gmt":"2023-03-11T17:35:43","slug":"adventski-kalendar-za-pedagoge","status":"publish","type":"post","link":"http:\/\/www.st-pedagozi.net\/?p=5579","title":{"rendered":"Adventski kalendar za pedagoge"},"content":{"rendered":"<p style=\"text-align: left;\"><span style=\"color: #ff0000;\"><strong><em>Veselite li se otvaranju prozor\u010di\u0107a na Adventskom kalendaru uz jutarnju kavu?<\/em> <\/strong><\/span>\r\n<span style=\"color: #ff0000;\">Veselite li se iznena\u0111enju, maloj radosti, ne nu\u017eno slatkoj, materijalnoj&#8230;..<\/span><b> <\/b><\/p>\r\n<b>Prva je nedjelja Do\u0161a\u0161\u0107a<\/b> ili Adventa koja nas uvodi u prosinac, mjesec i\u0161\u010dekivanja, nade i dobrih djela.\r\n<p style=\"text-align: left;\">S duhom Do\u0161a\u0161\u0107a pokrenimo na\u0161e zajedni\u010dko putovanje prosincem i poka\u017eimo da u ovom vremenu kada je ljudskost i mudrost na vagi, imamo \u0161to podijeliti jedni drugima. Tako je i ovu ideju moja draga kolegica Iris, u\u010diteljica engleskoga jezika podijelila sa mnom, a ja je dijelim s vama.<\/p>\r\n<p style=\"text-align: left;\"><strong>\u0160to mo\u017eete?<\/strong>\r\n<em>Mo\u017eete podijeliti ne\u0161to \u0161to \u0107e nas razvedriti, nasmijati&#8230;<\/em>\r\n<em>Mo\u017eete podijeliti lijepu pri\u010du (Deanine sakupljamo!), mo\u017eete podijeliti ideju za ukrase (Finkin bor nas je odu\u0161evio!), mo\u017eete podijeliti dobar recept za kola\u010de (Vesnini su bili izvrsni!), mo\u017eete podijeliti lijepu glazbu, mudru misao, dobar savjet&#8230;.<\/em>\r\n<em>Mo\u017eete podijeliti i ne\u0161to za \u0161kolu&#8230;..<\/em>\r\n<em>Mo\u017eete podijeliti sve \u0161to mislite da je dobra stvar za nas!<\/em><\/p>\r\n<p style=\"text-align: left;\">Samo jedan klik mailom.<\/p>\r\n<p style=\"text-align: left;\"><strong><em>Otvorite prvi dan kalendara klikom na sliku i prepustite se barem na trenutak&#8230;&#8230;<\/em>\r\n<\/strong><\/p>\r\n<a href=\"https:\/\/calendar.myadvent.net\/?id=cb1a277d9e14ed8fea5ea4351eb2927b\"><img loading=\"lazy\" decoding=\"async\" class=\"alignleft wp-image-5602 size-large\" src=\"http:\/\/www.st-pedagozi.net\/wp-content\/uploads\/2020\/11\/Adventski-kalendar-\u2014-Mozilla-Firefox-3.12.2020.-85058-1024x548.jpg\" alt=\"Klikni pa vidi!\" width=\"620\" height=\"332\" srcset=\"http:\/\/www.st-pedagozi.net\/wp-content\/uploads\/2020\/11\/Adventski-kalendar-\u2014-Mozilla-Firefox-3.12.2020.-85058-1024x548.jpg 1024w, http:\/\/www.st-pedagozi.net\/wp-content\/uploads\/2020\/11\/Adventski-kalendar-\u2014-Mozilla-Firefox-3.12.2020.-85058-300x161.jpg 300w, http:\/\/www.st-pedagozi.net\/wp-content\/uploads\/2020\/11\/Adventski-kalendar-\u2014-Mozilla-Firefox-3.12.2020.-85058-768x411.jpg 768w, http:\/\/www.st-pedagozi.net\/wp-content\/uploads\/2020\/11\/Adventski-kalendar-\u2014-Mozilla-Firefox-3.12.2020.-85058.jpg 1292w\" sizes=\"(max-width: 620px) 100vw, 620px\" \/><\/a>\r\n\r\n&nbsp;","protected":false},"excerpt":{"rendered":"<p>Veselite li se otvaranju prozor\u010di\u0107a na Adventskom kalendaru uz jutarnju kavu? Veselite li se iznena\u0111enju, maloj radosti, ne nu\u017eno slatkoj, materijalnoj&#8230;.. Prva je nedjelja Do\u0161a\u0161\u0107a ili Adventa koja nas uvodi u prosinac, mjesec i\u0161\u010dekivanja, nade i dobrih djela. S duhom &hellip;<\/p>\n<p class=\"read-more\"><a href=\"http:\/\/www.st-pedagozi.net\/?p=5579\">Read more &raquo;<\/a><\/p>\n","protected":false},"author":1,"featured_media":0,"comment_status":"open","ping_status":"open","sticky":false,"template":"","format":"standard","meta":{"footnotes":""},"categories":[5],"tags":[84,76,91],"_links":{"self":[{"href":"http:\/\/www.st-pedagozi.net\/index.php?rest_route=\/wp\/v2\/posts\/5579"}],"collection":[{"href":"http:\/\/www.st-pedagozi.net\/index.php?rest_route=\/wp\/v2\/posts"}],"about":[{"href":"http:\/\/www.st-pedagozi.net\/index.php?rest_route=\/wp\/v2\/types\/post"}],"author":[{"embeddable":true,"href":"http:\/\/www.st-pedagozi.net\/index.php?rest_route=\/wp\/v2\/users\/1"}],"replies":[{"embeddable":true,"href":"http:\/\/www.st-pedagozi.net\/index.php?rest_route=%2Fwp%2Fv2%2Fcomments&post=5579"}],"version-history":[{"count":22,"href":"http:\/\/www.st-pedagozi.net\/index.php?rest_route=\/wp\/v2\/posts\/5579\/revisions"}],"predecessor-version":[{"id":6337,"href":"http:\/\/www.st-pedagozi.net\/index.php?rest_route=\/wp\/v2\/posts\/5579\/revisions\/6337"}],"wp:attachment":[{"href":"http:\/\/www.st-pedagozi.net\/index.php?rest_route=%2Fwp%2Fv2%2Fmedia&parent=5579"}],"wp:term":[{"taxonomy":"category","embeddable":true,"href":"http:\/\/www.st-pedagozi.net\/index.php?rest_route=%2Fwp%2Fv2%2Fcategories&post=5579"},{"taxonomy":"post_tag","embeddable":true,"href":"http:\/\/www.st-pedagozi.net\/index.php?rest_route=%2Fwp%2Fv2%2Ftags&post=5579"}],"curies":[{"name":"wp","href":"https:\/\/api.w.org\/{rel}","templated":true}]}}