{"id":5726,"date":"2021-01-19T17:44:11","date_gmt":"2021-01-19T16:44:11","guid":{"rendered":"http:\/\/www.st-pedagozi.net\/?p=5726"},"modified":"2021-01-19T17:47:21","modified_gmt":"2021-01-19T16:47:21","slug":"publikacije-poliklinike-za-zastitu-djece-i-mladih-grada-zagreba","status":"publish","type":"post","link":"http:\/\/www.st-pedagozi.net\/?p=5726","title":{"rendered":"Publikacije Poliklinike za za\u0161titu djece i mladih grada Zagreba"},"content":{"rendered":"<p style=\"text-align: left;\">Ova objava vi\u0161e je podsjetnik na niz korisnih i dostupnih materijala koje stru\u010dnjaci Poliklinike redovito publiciraju, nego \u0161to je nova informacija.<\/p>\r\n<p style=\"text-align: left;\">Stoga, za one koji ponekad zaborave u bespu\u0107ima interneta svratiti na stranicu, nekoliko izvrsnih izdanja:<\/p>\r\n\r\n\r\n<div id=\"attachment_5734\" style=\"width: 173px\" class=\"wp-caption alignleft\"><a href=\"https:\/\/www.poliklinika-djeca.hr\/publikacije\/svakim-danom-sve-hrabriji-radna-biljeznica-koja-osnazuje-i-gradi-psiholosku-otpornost\/\"><img loading=\"lazy\" decoding=\"async\" aria-describedby=\"caption-attachment-5734\" class=\"wp-image-5734\" src=\"http:\/\/www.st-pedagozi.net\/wp-content\/uploads\/2021\/01\/RADNA-BILJE\u017dNICA-Svakim-danom-sve-hrabriji.pdf-\u2014-Mozilla-Firefox-19.1.2021.-172647-001-213x300.jpg\" alt=\"\" width=\"163\" height=\"229\" srcset=\"http:\/\/www.st-pedagozi.net\/wp-content\/uploads\/2021\/01\/RADNA-BILJE\u017dNICA-Svakim-danom-sve-hrabriji.pdf-\u2014-Mozilla-Firefox-19.1.2021.-172647-001-213x300.jpg 213w, http:\/\/www.st-pedagozi.net\/wp-content\/uploads\/2021\/01\/RADNA-BILJE\u017dNICA-Svakim-danom-sve-hrabriji.pdf-\u2014-Mozilla-Firefox-19.1.2021.-172647-001.jpg 468w\" sizes=\"(max-width: 163px) 100vw, 163px\" \/><\/a><p id=\"caption-attachment-5734\" class=\"wp-caption-text\"><a href=\"https:\/\/www.poliklinika-djeca.hr\/publikacije\/svakim-danom-sve-hrabriji-radna-biljeznica-koja-osnazuje-i-gradi-psiholosku-otpornost\/\"><span style=\"color: #ff0000;\"><strong>Radna bilje\u017enica<\/strong><\/span><\/a><\/p><\/div>\r\n\r\n<div id=\"attachment_5729\" style=\"width: 161px\" class=\"wp-caption alignleft\"><a href=\"https:\/\/www.poliklinika-djeca.hr\/aktualno\/novosti\/nova-publikacija-sva-lica-djecje-depresije-i-kako-je-prevladati-psihoedukativna-radna-biljeznica\/\"><img loading=\"lazy\" decoding=\"async\" aria-describedby=\"caption-attachment-5729\" class=\"wp-image-5729\" src=\"http:\/\/www.st-pedagozi.net\/wp-content\/uploads\/2021\/01\/RB_DEPRESIJA_FINAL.pdf-\u2014-Mozilla-Firefox-19.1.2021.-172727-216x300.jpg\" alt=\"\" width=\"151\" height=\"210\" srcset=\"http:\/\/www.st-pedagozi.net\/wp-content\/uploads\/2021\/01\/RB_DEPRESIJA_FINAL.pdf-\u2014-Mozilla-Firefox-19.1.2021.-172727-216x300.jpg 216w, http:\/\/www.st-pedagozi.net\/wp-content\/uploads\/2021\/01\/RB_DEPRESIJA_FINAL.pdf-\u2014-Mozilla-Firefox-19.1.2021.-172727.jpg 473w\" sizes=\"(max-width: 151px) 100vw, 151px\" \/><\/a><p id=\"caption-attachment-5729\" class=\"wp-caption-text\"><a href=\"https:\/\/www.poliklinika-djeca.hr\/aktualno\/novosti\/nova-publikacija-sva-lica-djecje-depresije-i-kako-je-prevladati-psihoedukativna-radna-biljeznica\/\"><span style=\"color: #ff0000;\"><strong>Psihoedukativna radna bilje\u017enica<\/strong><\/span><\/a><\/p><\/div>\r\n\r\n<div id=\"attachment_5727\" style=\"width: 176px\" class=\"wp-caption alignleft\"><a href=\"http:\/\/www.st-pedagozi.net\/wp-content\/uploads\/2021\/01\/mali-vodi\u010d-kroz-promjene-2-compressed.pdf-\u2014-Mozilla-Firefox-19.1.2021.-173032.jpg\"><img loading=\"lazy\" decoding=\"async\" aria-describedby=\"caption-attachment-5727\" class=\"wp-image-5727\" src=\"http:\/\/www.st-pedagozi.net\/wp-content\/uploads\/2021\/01\/mali-vodi\u010d-kroz-promjene-2-compressed.pdf-\u2014-Mozilla-Firefox-19.1.2021.-173032-213x300.jpg\" alt=\"\" width=\"166\" height=\"233\" srcset=\"http:\/\/www.st-pedagozi.net\/wp-content\/uploads\/2021\/01\/mali-vodi\u010d-kroz-promjene-2-compressed.pdf-\u2014-Mozilla-Firefox-19.1.2021.-173032-213x300.jpg 213w, http:\/\/www.st-pedagozi.net\/wp-content\/uploads\/2021\/01\/mali-vodi\u010d-kroz-promjene-2-compressed.pdf-\u2014-Mozilla-Firefox-19.1.2021.-173032.jpg 466w\" sizes=\"(max-width: 166px) 100vw, 166px\" \/><\/a><p id=\"caption-attachment-5727\" class=\"wp-caption-text\"><a href=\"https:\/\/www.poliklinika-djeca.hr\/aktualno\/novosti\/besplatna-publikacija-mali-vodic-kroz-velike-promjene-podrska-roditeljima-skrbnicima-u-ulozi-prirodnim-pomagaca-djeci-u-prvih-mjesec-do-dva-nakon-traumatskog-dogadaja\/\"><span style=\"color: #ff0000;\"><strong>Vodi\u010d<\/strong><\/span><\/a><\/p><\/div>","protected":false},"excerpt":{"rendered":"<p>Ova objava vi\u0161e je podsjetnik na niz korisnih i dostupnih materijala koje stru\u010dnjaci Poliklinike redovito publiciraju, nego \u0161to je nova informacija. Stoga, za one koji ponekad zaborave u bespu\u0107ima interneta svratiti na stranicu, nekoliko izvrsnih izdanja:<\/p>\n","protected":false},"author":1,"featured_media":0,"comment_status":"open","ping_status":"open","sticky":false,"template":"","format":"standard","meta":{"footnotes":""},"categories":[9],"tags":[87],"_links":{"self":[{"href":"http:\/\/www.st-pedagozi.net\/index.php?rest_route=\/wp\/v2\/posts\/5726"}],"collection":[{"href":"http:\/\/www.st-pedagozi.net\/index.php?rest_route=\/wp\/v2\/posts"}],"about":[{"href":"http:\/\/www.st-pedagozi.net\/index.php?rest_route=\/wp\/v2\/types\/post"}],"author":[{"embeddable":true,"href":"http:\/\/www.st-pedagozi.net\/index.php?rest_route=\/wp\/v2\/users\/1"}],"replies":[{"embeddable":true,"href":"http:\/\/www.st-pedagozi.net\/index.php?rest_route=%2Fwp%2Fv2%2Fcomments&post=5726"}],"version-history":[{"count":10,"href":"http:\/\/www.st-pedagozi.net\/index.php?rest_route=\/wp\/v2\/posts\/5726\/revisions"}],"predecessor-version":[{"id":5740,"href":"http:\/\/www.st-pedagozi.net\/index.php?rest_route=\/wp\/v2\/posts\/5726\/revisions\/5740"}],"wp:attachment":[{"href":"http:\/\/www.st-pedagozi.net\/index.php?rest_route=%2Fwp%2Fv2%2Fmedia&parent=5726"}],"wp:term":[{"taxonomy":"category","embeddable":true,"href":"http:\/\/www.st-pedagozi.net\/index.php?rest_route=%2Fwp%2Fv2%2Fcategories&post=5726"},{"taxonomy":"post_tag","embeddable":true,"href":"http:\/\/www.st-pedagozi.net\/index.php?rest_route=%2Fwp%2Fv2%2Ftags&post=5726"}],"curies":[{"name":"wp","href":"https:\/\/api.w.org\/{rel}","templated":true}]}}