{"id":5766,"date":"2021-02-16T20:27:12","date_gmt":"2021-02-16T19:27:12","guid":{"rendered":"http:\/\/www.st-pedagozi.net\/?p=5766"},"modified":"2021-02-16T20:30:58","modified_gmt":"2021-02-16T19:30:58","slug":"10-godina-pedagoskog-svijeta","status":"publish","type":"post","link":"http:\/\/www.st-pedagozi.net\/?p=5766","title":{"rendered":"10 godina Pedago\u0161kog svijeta"},"content":{"rendered":"<div id=\"attachment_5769\" style=\"width: 218px\" class=\"wp-caption alignleft\"><a href=\"http:\/\/www.st-pedagozi.net\/wp-content\/uploads\/2021\/02\/p1000639.jpg\"><img loading=\"lazy\" decoding=\"async\" aria-describedby=\"caption-attachment-5769\" class=\"wp-image-5769 size-medium\" src=\"http:\/\/www.st-pedagozi.net\/wp-content\/uploads\/2021\/02\/p1000639-208x300.jpg\" alt=\"\" width=\"208\" height=\"300\" srcset=\"http:\/\/www.st-pedagozi.net\/wp-content\/uploads\/2021\/02\/p1000639-208x300.jpg 208w, http:\/\/www.st-pedagozi.net\/wp-content\/uploads\/2021\/02\/p1000639.jpg 444w\" sizes=\"(max-width: 208px) 100vw, 208px\" \/><\/a><p id=\"caption-attachment-5769\" class=\"wp-caption-text\">Trudimo se rasti&#8230;&#8230;<\/p><\/div>\r\n\r\n&nbsp;\r\n\r\n&nbsp;\r\n\r\n&nbsp;\r\n\r\n&nbsp;\r\n<p style=\"text-align: left;\">Drage kolegice i kolege pedagozi, drage u\u010diteljice i u\u010ditelji i svi posjetitelji na\u0161e stranice, <strong>obilje\u017eavamo&nbsp;u ti\u0161ini 10 godina prve,<\/strong> a \u010dini se i jedine mre\u017ene stranice \u017dSV-a pedagoga. Nekako brzo to prolazi!<\/p>\r\n<p style=\"text-align: left;\"><strong>Koliko smo vam bili poticajni, korisni, motiviraju\u0107i?<\/strong><\/p>\r\n<p style=\"text-align: left;\">Statistika ka\u017ee:&nbsp;najvi\u0161e se posje\u0107ivala i koristila na\u0161a stranica s materijalima za <strong>Sat razrednog odjela<\/strong>, \u0161to nam je i bila \u017eelja, zatim stranica za pripravnike i stranica s izlaganjima sa stru\u010dnih skupova.<\/p>\r\n<p style=\"text-align: left;\">Me\u0111u prvima smo po\u010deli s idejom dijeljenja svega \u0161to smatramo vrijednim dijeljenja u na\u0161oj struci i to \u017eelimo nastaviti. <strong>Zato pozivamo sve zainteresirane i spremne sudjelovati u na\u0161oj ideji da nam se pridru\u017ee.<\/strong><\/p>\r\n<p style=\"text-align: left;\">A onima koji su to ve\u0107 napravili i koji i dalje rade, <strong>zahvaljujemo u ime svih kojima su do sada bili poticajni suputnici.<\/strong><\/p>\r\n<p style=\"text-align: left;\"><strong>Idemo dalje!<\/strong><\/p>\r\n<p style=\"text-align: left;\">&nbsp;<\/p>","protected":false},"excerpt":{"rendered":"<p>&nbsp; &nbsp; &nbsp; &nbsp; Drage kolegice i kolege pedagozi, drage u\u010diteljice i u\u010ditelji i svi posjetitelji na\u0161e stranice, obilje\u017eavamo&nbsp;u ti\u0161ini 10 godina prve, a \u010dini se i jedine mre\u017ene stranice \u017dSV-a pedagoga. Nekako brzo to prolazi! Koliko smo vam bili &hellip;<\/p>\n<p class=\"read-more\"><a href=\"http:\/\/www.st-pedagozi.net\/?p=5766\">Read more &raquo;<\/a><\/p>\n","protected":false},"author":1,"featured_media":0,"comment_status":"open","ping_status":"open","sticky":false,"template":"","format":"standard","meta":{"footnotes":""},"categories":[9],"tags":[],"_links":{"self":[{"href":"http:\/\/www.st-pedagozi.net\/index.php?rest_route=\/wp\/v2\/posts\/5766"}],"collection":[{"href":"http:\/\/www.st-pedagozi.net\/index.php?rest_route=\/wp\/v2\/posts"}],"about":[{"href":"http:\/\/www.st-pedagozi.net\/index.php?rest_route=\/wp\/v2\/types\/post"}],"author":[{"embeddable":true,"href":"http:\/\/www.st-pedagozi.net\/index.php?rest_route=\/wp\/v2\/users\/1"}],"replies":[{"embeddable":true,"href":"http:\/\/www.st-pedagozi.net\/index.php?rest_route=%2Fwp%2Fv2%2Fcomments&post=5766"}],"version-history":[{"count":11,"href":"http:\/\/www.st-pedagozi.net\/index.php?rest_route=\/wp\/v2\/posts\/5766\/revisions"}],"predecessor-version":[{"id":5779,"href":"http:\/\/www.st-pedagozi.net\/index.php?rest_route=\/wp\/v2\/posts\/5766\/revisions\/5779"}],"wp:attachment":[{"href":"http:\/\/www.st-pedagozi.net\/index.php?rest_route=%2Fwp%2Fv2%2Fmedia&parent=5766"}],"wp:term":[{"taxonomy":"category","embeddable":true,"href":"http:\/\/www.st-pedagozi.net\/index.php?rest_route=%2Fwp%2Fv2%2Fcategories&post=5766"},{"taxonomy":"post_tag","embeddable":true,"href":"http:\/\/www.st-pedagozi.net\/index.php?rest_route=%2Fwp%2Fv2%2Ftags&post=5766"}],"curies":[{"name":"wp","href":"https:\/\/api.w.org\/{rel}","templated":true}]}}