{"id":5789,"date":"2021-03-03T09:11:49","date_gmt":"2021-03-03T08:11:49","guid":{"rendered":"http:\/\/www.st-pedagozi.net\/?p=5789"},"modified":"2021-03-04T14:31:30","modified_gmt":"2021-03-04T13:31:30","slug":"oskar-dobiva","status":"publish","type":"post","link":"http:\/\/www.st-pedagozi.net\/?p=5789","title":{"rendered":"Oskar dobiva &#8230;"},"content":{"rendered":"<div id=\"attachment_5791\" style=\"width: 310px\" class=\"wp-caption aligncenter\"><a href=\"http:\/\/www.st-pedagozi.net\/wp-content\/uploads\/2021\/03\/IMG-20210228-WA0008.jpg\"><img loading=\"lazy\" decoding=\"async\" aria-describedby=\"caption-attachment-5791\" class=\"wp-image-5791 size-medium\" src=\"http:\/\/www.st-pedagozi.net\/wp-content\/uploads\/2021\/03\/IMG-20210228-WA0008-300x169.jpg\" alt=\"\" width=\"300\" height=\"169\" srcset=\"http:\/\/www.st-pedagozi.net\/wp-content\/uploads\/2021\/03\/IMG-20210228-WA0008-300x169.jpg 300w, http:\/\/www.st-pedagozi.net\/wp-content\/uploads\/2021\/03\/IMG-20210228-WA0008-1024x576.jpg 1024w, http:\/\/www.st-pedagozi.net\/wp-content\/uploads\/2021\/03\/IMG-20210228-WA0008-768x432.jpg 768w, http:\/\/www.st-pedagozi.net\/wp-content\/uploads\/2021\/03\/IMG-20210228-WA0008-1536x864.jpg 1536w, http:\/\/www.st-pedagozi.net\/wp-content\/uploads\/2021\/03\/IMG-20210228-WA0008.jpg 1600w\" sizes=\"(max-width: 300px) 100vw, 300px\" \/><\/a><p id=\"caption-attachment-5791\" class=\"wp-caption-text\">Finka Ivanovi\u0107, mentorica, Jagoda Sablji\u0107, u\u010denica 8.razreda 2019.god.<\/p><\/div>\r\n\r\n&nbsp;\r\n&nbsp;\r\n\r\n<span style=\"color: #ffffff;\">\u25ca<\/span>\r\n\r\n&nbsp;\r\n<p style=\"text-align: left;\">Skromnost je vrlina pa neskromni \u010desto (pre)vladaju a skromne svije\u0107om otkrivamo.<\/p>\r\n<p style=\"text-align: left;\">Radosno je da je svjetlo otkrilo <span style=\"color: #800000;\"><strong>2019<\/strong>.<span style=\"color: #333333;\">godinu<\/span><\/span><span style=\"color: #333333;\"> i<\/span> dodjelu <span style=\"color: #800000;\"><strong>Oskara znanja<\/strong> <\/span>s pedagoginjom <span style=\"color: #800000;\"><strong>Finkom Ivanovi\u0107<\/strong><\/span> i njenom u\u010denicom <span style=\"color: #800000;\"><strong>Jagodom Sablji\u0107 iz O\u0160 prof. Filipa Lukasa iz Ka\u0161tel Staroga.<\/strong><\/span>\r\n\u010cestitamo od srca na\u0161oj Finki i njenoj biv\u0161oj u\u010denici na ovom izuzetnom priznanju!<\/p>\r\n<p style=\"text-align: left;\">U nastavku pro\u010ditajte <strong>\u010dlanak o dodjeli Oskara<\/strong> i ono nama interesantnije, <strong>put do Oskara iz Finkinog pera<\/strong> <strong>i du\u0161e.<\/strong><\/p>\r\n<p style=\"text-align: left;\">Oskar znanja je najve\u0107e priznanje i nagrada za izniman uspjeh i postignute rezultate kojim se ve\u0107 15 godina nagra\u0111uju uspje\u0161ni i izvrsni u\u010denici i njihovi u\u010ditelji i nastavnici mentori. Sve\u010danu dodjelu Oskara znanja 2019. godine &nbsp;organizirala&nbsp;je&nbsp;Agencija&nbsp;za odgoj i obrazovanje u suradnji s Ministarstvom znanosti i obrazovanja i uz potporu Hrvatske zajednice \u017eupanija.<\/p>\r\n<p style=\"text-align: left;\"><!--more--><\/p>\r\n<p style=\"text-align: left;\">Najuspje\u0161niji u\u010denici i mentori, oni koji pokazuju da se uvijek mo\u017ee vi\u0161e i bolje, nagra\u0111eni su Oskarom znanja na sve\u010danosti odr\u017eanoj na Ekonomskom fakultetu u Zagrebu 28. lipnja 2019. godine. <strong>Za izniman rezultat, osvojeno prvo mjesto na dr\u017eavnim natjecanjima Oskarom znanja nagra\u0111eno je 206 u\u010denikaosnovnih i srednjih \u0161kola<\/strong> i <strong>167 mentora.<\/strong>Za osvojeno jedno od prva tri mjesta na me\u0111unarodnim natjecanjima nagra\u0111eno je 94 u\u010denika i 41 mentor.<\/p>\r\n<p style=\"text-align: left;\">Me\u0111u nagra\u0111enima je i u\u010denica na\u0161e \u0161kole Jagoda Sablji\u0107, u\u010denica 8. razreda koja je Oskarom znanja nagra\u0111ena za osvojeno 1. mjesto pojedina\u010dno na dr\u017eavnom natjecanju iz debate. Oskarom znanja nagra\u0111ena je i Finka Ivanovi\u0107, pedagoginja \u0161kole i mentorica u\u010denice.<\/p>\r\n<p style=\"text-align: left;\">Tako je na najbolji mogu\u0107i na\u010din nagra\u0111en trud i znanje u\u010denice i njene mentorice. (izvor:<a href=\"https:\/\/rusmarin.net\/jagoda-sabljic-drzavna-prvakinja-iz-debate-nagradena-oskarom-znanja\/\">https:\/\/rusmarin.net\/jagoda-sabljic-drzavna-prvakinja-iz-debate-nagradena-oskarom-znanja\/<\/a>)<\/p>\r\n<span style=\"color: #800000;\"><strong>A sada Finka:<\/strong><\/span>\r\n<p style=\"text-align: left;\">Eto, zna\u010di trud koji sam ulo\u017eila u rad s u\u010denicima nagra\u0111en je na najbolji mogu\u0107i na\u010din. Dvije godine sam ih pripremala, sate i sate ulo\u017eili smo u pripremanje, uporno su vje\u017ebali i debatirali. Imala sam sre\u0107u da je u timu bilo nekoliko motiviranih u\u010denika. Posebno jedna. Ona je bila pokreta\u010d svega. Motivator. Ja sam bila uz njih poticala, pratila. I iskreno u\u017eivala s njima, jer druga\u010dije ne ide. Ono \u0161to radi\u0161 mora\u0161 voljeti, a djeca su bila \u017eeljna ne\u010deg novog i ba\u0161 su zagrizli. A bilo je tu i cjelodnevnih subota kada su bile ili edukacije ili turniri ili natjecanja. A nama iz Ka\u0161tela sve je to jo\u0161 kompliciranije jer ih moramo odvesti i vratiti natrag, pa \u2026 Ali kao \u0161to sam negdje ve\u0107 istakla, imala sam podr\u0161ku najprije ravnatelja, kolega i roditelja. Bez toga ne ide.<\/p>\r\n<p style=\"text-align: left;\">I tako \u0161kolske godine 2018. \u2013 19. osvojili su ekipno 1. mjesto na turniru i 1. mjesto na me\u0111u\u017eupanijskom natjecanju u Splitu. Pojedina\u010dno u\u010denica Jagoda Sablji\u0107 osvojila je 1. mjesto na turniru u Splitu i 1. mjesto pojedina\u010dno na me\u0111u\u017eupanijskom natjecanju u Splitu. Na dr\u017eavnom natjecanju ekipno su osvojili 4. mjesto, a pojedina\u010dno je Jagoda Sablji\u0107 osvojila 1. mjesto. Time je ona zaslu\u017eila Oskara znanja, a samim time i ja kao njena mentorica.<\/p>\r\n<p style=\"text-align: left;\">Kada samo krenuli na dr\u017eavno natjecanje curama sam rekla da su dobre jer uistinu jesu i moj savjet je bio samo opu\u0161teno, znala sam da su dobre i da smo ve\u0107 postigli puno, po meni dovoljno bojala sam se samo da ne po\u017eele previ\u0161e i da ih trema i \u017eelja ne pojedu. Rekla sam im \u2026 debatirajte iz srca i iz gu\u0161ta, u\u017eivajte u&nbsp; debatiranju, sve ostalo je neva\u017eno. Dobre ste, opustite se i u\u017eivajte. Uglavnom, ja sam ba\u0161 u svemu u\u017eivala i nisam bila optere\u0107ena i nastojala sam to prenijeti i na njih. Jedino \u0161to mi je bilo va\u017eno bilo je da cure u\u017eivaju, dru\u017ee se, upoznaju. Jednom rije\u010dju\u2026\u201crasti i cvjetaj\u201c, prekrasna mlada bi\u0107a na pragu svoga \u017eivota i da im to bude lijepo, ne\u0161to \u010dega \u0107e se uvijek sje\u0107ati s osmijehom na licu i treptajem u srcu. Da u\u017eivaju kako se samo mo\u017ee u\u017eivati u njihovim godinama. \u010cisti i neiskvareni. I da uvijek kad se sjete&nbsp; natjecanja da im bude lijepa uspomena.<\/p>\r\n<p style=\"text-align: left;\">I tako nakon skoro dvadeset godina \u0161to se organizira natjecanje u debati i uvijek su najbolji govornici iz Zagreba, ne znam je li kad bio netko iz Rijeke, prvi put je netko iz na\u0161e \u017eupanije. Veliki uspjeh.<\/p>\r\n<p style=\"text-align: left;\">I eto\u2026 tako moja u\u010denica Jagoda Sablji\u0107 \u2026 U Zagrebu na dodjeli Oskara bilo je sve\u010dano. Sve nam se poslo\u017eilo. Oskar, Zagreb, vrijeme.<\/p>\r\n<p style=\"text-align: left;\">Splitsko dalmatinska \u017eupanija je organizirala sve\u010danu dodjelu priznanja za svoje u\u010denike i mentore. \u010cak su nam uru\u010dene i nov\u010dane nagrade. U\u010deniku oko 2 tisu\u0107e kuna, mentoru tisu\u0107u i po. Naravno novac nije najva\u017eniji, ali ipak je neki znak.<\/p>\r\n<p style=\"text-align: left;\">I tako, moja Jagoda Sablji\u0107 upisala je Vladimira Nazora, na njen poticaj u \u0161koli je osnovan debatni klub. U natjecanju koje je trebalo biti odr\u017eano pro\u0161le \u0161kolske godine pa je zbog Covida&nbsp; prolongirano i odr\u017eano ove \u0161kolske godine Jagoda Sablji\u0107 je osvojila 1. mjesto u kategoriji u\u010denika 1. i 2. razreda i tako osvojila svoga 2. Oskara znanja.<\/p>\r\n<p style=\"text-align: left;\">I eto, lijepa pri\u010da ide dalje.<\/p>\r\n<p style=\"text-align: left;\">&nbsp;<\/p>","protected":false},"excerpt":{"rendered":"<p>&nbsp; &nbsp; \u25ca &nbsp; Skromnost je vrlina pa neskromni \u010desto (pre)vladaju a skromne svije\u0107om otkrivamo. Radosno je da je svjetlo otkrilo 2019.godinu i dodjelu Oskara znanja s pedagoginjom Finkom Ivanovi\u0107 i njenom u\u010denicom Jagodom Sablji\u0107 iz O\u0160 prof. Filipa Lukasa &hellip;<\/p>\n<p class=\"read-more\"><a href=\"http:\/\/www.st-pedagozi.net\/?p=5789\">Read more &raquo;<\/a><\/p>\n","protected":false},"author":1,"featured_media":0,"comment_status":"open","ping_status":"open","sticky":false,"template":"","format":"standard","meta":{"footnotes":""},"categories":[9],"tags":[],"_links":{"self":[{"href":"http:\/\/www.st-pedagozi.net\/index.php?rest_route=\/wp\/v2\/posts\/5789"}],"collection":[{"href":"http:\/\/www.st-pedagozi.net\/index.php?rest_route=\/wp\/v2\/posts"}],"about":[{"href":"http:\/\/www.st-pedagozi.net\/index.php?rest_route=\/wp\/v2\/types\/post"}],"author":[{"embeddable":true,"href":"http:\/\/www.st-pedagozi.net\/index.php?rest_route=\/wp\/v2\/users\/1"}],"replies":[{"embeddable":true,"href":"http:\/\/www.st-pedagozi.net\/index.php?rest_route=%2Fwp%2Fv2%2Fcomments&post=5789"}],"version-history":[{"count":22,"href":"http:\/\/www.st-pedagozi.net\/index.php?rest_route=\/wp\/v2\/posts\/5789\/revisions"}],"predecessor-version":[{"id":5813,"href":"http:\/\/www.st-pedagozi.net\/index.php?rest_route=\/wp\/v2\/posts\/5789\/revisions\/5813"}],"wp:attachment":[{"href":"http:\/\/www.st-pedagozi.net\/index.php?rest_route=%2Fwp%2Fv2%2Fmedia&parent=5789"}],"wp:term":[{"taxonomy":"category","embeddable":true,"href":"http:\/\/www.st-pedagozi.net\/index.php?rest_route=%2Fwp%2Fv2%2Fcategories&post=5789"},{"taxonomy":"post_tag","embeddable":true,"href":"http:\/\/www.st-pedagozi.net\/index.php?rest_route=%2Fwp%2Fv2%2Ftags&post=5789"}],"curies":[{"name":"wp","href":"https:\/\/api.w.org\/{rel}","templated":true}]}}