{"id":5955,"date":"2021-12-01T08:23:04","date_gmt":"2021-12-01T07:23:04","guid":{"rendered":"http:\/\/www.st-pedagozi.net\/?p=5955"},"modified":"2022-01-01T16:06:56","modified_gmt":"2022-01-01T15:06:56","slug":"adventski-kalendar","status":"publish","type":"post","link":"http:\/\/www.st-pedagozi.net\/?p=5955","title":{"rendered":"Adventski kalendar"},"content":{"rendered":"<p style=\"text-align: left;\">Do\u0111e nekako s godinama da se vra\u0107amo u dane djetinjstva i\u00a0 prisje\u0107amo ih se s nostalgijom.\r\nVremena su se promijenila, ali ono \u0161to sigurno svim mladima \u017eelimo da se s istom nostalgijom sje\u0107aju svojih djetinjih dana.<\/p>\r\n<p style=\"text-align: left;\">Ovaj kalendar koji se klatio izme\u0111u &#8220;biti i ne biti&#8221;, ipak \u0107e biti, ovaj put s idejom da <strong>podijelimo sve ono \u0161to djeci mo\u017ee pomo\u0107i da budu bri\u017eni, ljubazni, suosje\u0107ajni..,<\/strong> a nama da im u tome poka\u017eemo put negdje izme\u0111u suhih smokava i playstation-a 6. Ipak smo mi pedagozi, oni koji &#8220;vode&#8221;.<\/p>\r\n<p style=\"text-align: left;\">Zato, <strong>podijelimo pri\u010de, pjesme, filmove, igre, ru\u010dne radove&#8230;. da mo\u017eemo kliknuti, vidjeti i u poslu primijeniti!<\/strong><\/p>\r\n\r\n\r\n<div id=\"attachment_5996\" style=\"width: 352px\" class=\"wp-caption aligncenter\"><a href=\"http:\/\/www.st-pedagozi.net\/wp-content\/uploads\/2021\/12\/Snimka-cijelog-zaslona-1.1.2022.-160052.jpg\"><img loading=\"lazy\" decoding=\"async\" aria-describedby=\"caption-attachment-5996\" class=\"wp-image-5996\" src=\"http:\/\/www.st-pedagozi.net\/wp-content\/uploads\/2021\/12\/Snimka-cijelog-zaslona-1.1.2022.-160052-300x237.jpg\" alt=\"\" width=\"342\" height=\"270\" srcset=\"http:\/\/www.st-pedagozi.net\/wp-content\/uploads\/2021\/12\/Snimka-cijelog-zaslona-1.1.2022.-160052-300x237.jpg 300w, http:\/\/www.st-pedagozi.net\/wp-content\/uploads\/2021\/12\/Snimka-cijelog-zaslona-1.1.2022.-160052.jpg 640w\" sizes=\"(max-width: 342px) 100vw, 342px\" \/><\/a><p id=\"caption-attachment-5996\" class=\"wp-caption-text\">Adventski kalendar za 2021.godinu je zatvoren.<\/p><\/div>","protected":false},"excerpt":{"rendered":"<p>Do\u0111e nekako s godinama da se vra\u0107amo u dane djetinjstva i\u00a0 prisje\u0107amo ih se s nostalgijom. Vremena su se promijenila, ali ono \u0161to sigurno svim mladima \u017eelimo da se s istom nostalgijom sje\u0107aju svojih djetinjih dana. Ovaj kalendar koji se &hellip;<\/p>\n<p class=\"read-more\"><a href=\"http:\/\/www.st-pedagozi.net\/?p=5955\">Read more &raquo;<\/a><\/p>\n","protected":false},"author":1,"featured_media":0,"comment_status":"open","ping_status":"open","sticky":false,"template":"","format":"standard","meta":{"footnotes":""},"categories":[74,1],"tags":[84],"_links":{"self":[{"href":"http:\/\/www.st-pedagozi.net\/index.php?rest_route=\/wp\/v2\/posts\/5955"}],"collection":[{"href":"http:\/\/www.st-pedagozi.net\/index.php?rest_route=\/wp\/v2\/posts"}],"about":[{"href":"http:\/\/www.st-pedagozi.net\/index.php?rest_route=\/wp\/v2\/types\/post"}],"author":[{"embeddable":true,"href":"http:\/\/www.st-pedagozi.net\/index.php?rest_route=\/wp\/v2\/users\/1"}],"replies":[{"embeddable":true,"href":"http:\/\/www.st-pedagozi.net\/index.php?rest_route=%2Fwp%2Fv2%2Fcomments&post=5955"}],"version-history":[{"count":16,"href":"http:\/\/www.st-pedagozi.net\/index.php?rest_route=\/wp\/v2\/posts\/5955\/revisions"}],"predecessor-version":[{"id":5999,"href":"http:\/\/www.st-pedagozi.net\/index.php?rest_route=\/wp\/v2\/posts\/5955\/revisions\/5999"}],"wp:attachment":[{"href":"http:\/\/www.st-pedagozi.net\/index.php?rest_route=%2Fwp%2Fv2%2Fmedia&parent=5955"}],"wp:term":[{"taxonomy":"category","embeddable":true,"href":"http:\/\/www.st-pedagozi.net\/index.php?rest_route=%2Fwp%2Fv2%2Fcategories&post=5955"},{"taxonomy":"post_tag","embeddable":true,"href":"http:\/\/www.st-pedagozi.net\/index.php?rest_route=%2Fwp%2Fv2%2Ftags&post=5955"}],"curies":[{"name":"wp","href":"https:\/\/api.w.org\/{rel}","templated":true}]}}