{"id":6277,"date":"2023-02-05T17:07:40","date_gmt":"2023-02-05T16:07:40","guid":{"rendered":"http:\/\/www.st-pedagozi.net\/?p=6277"},"modified":"2023-02-11T17:45:28","modified_gmt":"2023-02-11T16:45:28","slug":"digitalni-minimalizam","status":"publish","type":"post","link":"http:\/\/www.st-pedagozi.net\/?p=6277","title":{"rendered":"Digitalni minimalizam"},"content":{"rendered":"<a href=\"http:\/\/www.st-pedagozi.net\/wp-content\/uploads\/2023\/02\/digitalni-minimalizam.jpg\"><img loading=\"lazy\" decoding=\"async\" class=\"alignleft  wp-image-6278\" src=\"http:\/\/www.st-pedagozi.net\/wp-content\/uploads\/2023\/02\/digitalni-minimalizam.jpg\" alt=\"\" width=\"182\" height=\"216\" \/><\/a>\r\n\r\n&nbsp;\r\n<p style=\"text-align: left;\">Ve\u0107 zna\u010dajan broj godina, <strong>velja\u010da je u znaku sigurnijeg interneta<\/strong> i nastojanja da se internet napravi boljim mjesto za svih. U tom vremenu trudimo se razgovarati s u\u010denicima o mnogim temama koje se doti\u010du novih tehnologija i medija te njihova utjecaja na svakodnevni \u017eivot djece i mladih.<\/p>\r\n<p style=\"text-align: left;\">No, obra\u0107ati se samo djeci, znamo mi dobro, nije dovoljno. Stoga, ove godine pozivamo roditelje na \u010ditanje svjetskog bestselera<strong> Cala Newporta: DIGITALNI MINIMALIZAM&#8221;.<\/strong><\/p>\r\n<p style=\"text-align: left;\">Kao motivaciju za \u010ditanje, donosimo <strong>izvatke iz dvije recenzije:<\/strong><!--more--><\/p>\r\n<p style=\"text-align: left;\" align=\"justify\">\u201eMinimalizam\u201c je umije\u0107e prepoznavanja onoga \u0161to je stvarno potrebno, a \u00a0<em>Digitalni minimalizam<\/em>\u00a0 primjenjuje ovu ideju na na\u0161u upotrebu tehnologije. Reagiraju\u0107i na sveprisutnu digitalnu zatrpanost i s njom povezan nedostatak pozornosti i fokusiranosti, autor obrazla\u017ee filozofiju kori\u0161tenja tehnologije koja je ve\u0107 unaprijedila nebrojene \u017eivote otkrivaju\u0107i tako tajnu usredoto\u010denoga \u017eivota u sve kaoti\u010dnijemu svijetu.<\/p>\r\n<p style=\"text-align: left;\">Polaze\u0107i od toga da tehnologija nije ni dobra ni lo\u0161a, ve\u0107 je klju\u010d u tome da se njome koristimo u svrhu ostvarenja svojih ciljeva, umjesto da dopustimo da manipulira nama, knjiga\u00a0<em>Digitalni minimalizam<\/em> pokazuje kako od tehnologije iskoristiti ono najbolje i kako \u017eivjeti smislen i sretan \u017eivot.\u00a0 (<a href=\"https:\/\/www.bitno.net\/kultura\/knjige\/verbum-uskoro-objavljuje-svjetski-bestseler-digitalni-minimalizam\/\">Izvor: <\/a>)<\/p>\r\n<p align=\"justify\"><span style=\"font-family: Calibri, sans-serif;\"><span style=\"font-size: medium;\"><span style=\"color: #555555;\">&#8220;Newport navodi tri klju\u010dna na\u010dela digitalnog minimalizma. Prvo je na\u010delo da zatrpanost ima visoku cijenu. Naime, zatrpavanje pozornosti s previ\u0161e ure\u0111aja poni\u0161tava male pozitivne u\u010dinke koje ure\u0111aji imaju, a maksimizira negativne. Drugo je na\u010delo va\u017enost optimizacije, razmi\u0161ljanja kako \u0107e se koristiti odre\u0111ena tehnologija na na\u010din da ona podupire ne\u0161to \u0161to smatramo vrijednim. Tre\u0107e se na\u010delo odnosi na svrhovitost; digitalni minimalisti su, naime, zadovoljniji jer te\u017ee svrhovitijem kori\u0161tenju digitalnih tehnologija.<\/span> <\/span><\/span><\/p>\r\n<p align=\"justify\"><span style=\"color: #555555;\"><span style=\"font-family: Calibri, sans-serif;\"><span style=\"font-size: medium;\">Digitalni minimalizam svojevrsni je odgovor na dru\u0161tvene promjene u kojima virtualna stvarnost zamjenjuje realnost, \u0161to ostavlja vrlo negativne posljedice na \u010dovjeka, a da on toga nije ni svjestan. Newport isti\u010de da bismo tehnologiju trebali rabiti samo na na\u010din na koji je smislen i svrhovit te bismo sami trebali upravljati sobom umjesto da kontrolu nad vlastitim \u017eivotom prepustimo tehnologiji. Re\u0107i da je tehnologija dobar sluga, ali lo\u0161 gospodar, mo\u017eda jest dijelom izlizana fraza, ali u ovom slu\u010daju mo\u017ee biti dobra zvijezda vodilja u kori\u0161tenju suvremenih dostignu\u0107a. Knjiga Cala Newporta na odli\u010dan na\u010din sve to prikazuje te otvara o\u010di i usmjerava \u010ditatelja promjenama u vlastitom \u017eivotu. Zbog toga je kvalitetno \u0161tivo za svakoga tko \u017eeli upoznati suvremeno dru\u0161tvo i sebe te raditi na sebi.&#8221;<\/span><\/span><\/span><\/p>\r\n<p style=\"text-align: right;\"><strong><span style=\"color: #555555;\"><span style=\"font-family: Calibri, sans-serif;\"><span style=\"font-size: medium;\">D<\/span><\/span><\/span><\/strong><span style=\"color: #555555;\"><span style=\"font-family: Calibri, sans-serif;\"><span style=\"font-size: medium;\">omagoj\u00a0<\/span><\/span><\/span><strong><span style=\"color: #555555;\"><span style=\"font-family: Calibri, sans-serif;\"><span style=\"font-size: medium;\">D<\/span><\/span><\/span><\/strong><span style=\"color: #555555;\"><span style=\"font-family: Calibri, sans-serif;\"><span style=\"font-size: medium;\">albello\r\n<\/span><\/span><\/span><span style=\"color: #34647f;\"><span style=\"font-family: Calibri, sans-serif;\"><span style=\"font-size: medium;\"><a href=\"https:\/\/www.matica.hr\/vijenac\/750\/tehnologija-dobar-sluga-los-gospodar-33958\/\">Vijenac<\/a><\/span><\/span><\/span><\/p>","protected":false},"excerpt":{"rendered":"<p>&nbsp; Ve\u0107 zna\u010dajan broj godina, velja\u010da je u znaku sigurnijeg interneta i nastojanja da se internet napravi boljim mjesto za svih. U tom vremenu trudimo se razgovarati s u\u010denicima o mnogim temama koje se doti\u010du novih tehnologija i medija te &hellip;<\/p>\n<p class=\"read-more\"><a href=\"http:\/\/www.st-pedagozi.net\/?p=6277\">Read more &raquo;<\/a><\/p>\n","protected":false},"author":1,"featured_media":0,"comment_status":"open","ping_status":"open","sticky":false,"template":"","format":"standard","meta":{"footnotes":""},"categories":[8],"tags":[102,45,53],"_links":{"self":[{"href":"http:\/\/www.st-pedagozi.net\/index.php?rest_route=\/wp\/v2\/posts\/6277"}],"collection":[{"href":"http:\/\/www.st-pedagozi.net\/index.php?rest_route=\/wp\/v2\/posts"}],"about":[{"href":"http:\/\/www.st-pedagozi.net\/index.php?rest_route=\/wp\/v2\/types\/post"}],"author":[{"embeddable":true,"href":"http:\/\/www.st-pedagozi.net\/index.php?rest_route=\/wp\/v2\/users\/1"}],"replies":[{"embeddable":true,"href":"http:\/\/www.st-pedagozi.net\/index.php?rest_route=%2Fwp%2Fv2%2Fcomments&post=6277"}],"version-history":[{"count":8,"href":"http:\/\/www.st-pedagozi.net\/index.php?rest_route=\/wp\/v2\/posts\/6277\/revisions"}],"predecessor-version":[{"id":6285,"href":"http:\/\/www.st-pedagozi.net\/index.php?rest_route=\/wp\/v2\/posts\/6277\/revisions\/6285"}],"wp:attachment":[{"href":"http:\/\/www.st-pedagozi.net\/index.php?rest_route=%2Fwp%2Fv2%2Fmedia&parent=6277"}],"wp:term":[{"taxonomy":"category","embeddable":true,"href":"http:\/\/www.st-pedagozi.net\/index.php?rest_route=%2Fwp%2Fv2%2Fcategories&post=6277"},{"taxonomy":"post_tag","embeddable":true,"href":"http:\/\/www.st-pedagozi.net\/index.php?rest_route=%2Fwp%2Fv2%2Ftags&post=6277"}],"curies":[{"name":"wp","href":"https:\/\/api.w.org\/{rel}","templated":true}]}}