{"id":6345,"date":"2023-04-02T18:00:31","date_gmt":"2023-04-02T16:00:31","guid":{"rendered":"http:\/\/www.st-pedagozi.net\/?p=6345"},"modified":"2023-04-02T18:13:28","modified_gmt":"2023-04-02T16:13:28","slug":"meduzupanijski-strucni-skup-u-dubrovniku","status":"publish","type":"post","link":"http:\/\/www.st-pedagozi.net\/?p=6345","title":{"rendered":"Me\u0111u\u017eupanijski stru\u010dni skup u Dubrovniku"},"content":{"rendered":"<p style=\"text-align: left;\">Opet Dubrovnik, ali ovaj put sa znatno manjim brojem sudionika iz na\u0161e \u017dupanije, posebno iz osnovnih \u0161kola. O\u010dito su nacionalni ispiti pedagoge zadr\u017eali &#8220;prikovane&#8221; u \u0161kolama jer tko zna \u0161to bi se dogodilo <a href=\"http:\/\/www.st-pedagozi.net\/wp-content\/uploads\/2023\/04\/IMG-20230323-WA0002.jpg\"><img loading=\"lazy\" decoding=\"async\" class=\"alignleft wp-image-6349\" src=\"http:\/\/www.st-pedagozi.net\/wp-content\/uploads\/2023\/04\/IMG-20230323-WA0002-217x300.jpg\" alt=\"\" width=\"222\" height=\"307\" srcset=\"http:\/\/www.st-pedagozi.net\/wp-content\/uploads\/2023\/04\/IMG-20230323-WA0002-217x300.jpg 217w, http:\/\/www.st-pedagozi.net\/wp-content\/uploads\/2023\/04\/IMG-20230323-WA0002.jpg 741w\" sizes=\"(max-width: 222px) 100vw, 222px\" \/><\/a>da su se kojim slu\u010dajem odva\u017eili na put. Moje iskustvo govori, da dok ne ode\u0161, nitko ne zna kako je to kad te nema. Zato, drugi put prebacite odgovornost i krenite na put.<\/p>\r\n<p style=\"text-align: left;\">U Dubrovniku nam nije bilo ni Ante da nas opi\u0161e pa to ovaj put moramo sami.<\/p>\r\n<p style=\"text-align: left;\">Stru\u010dni skup, uz slu\u017ebeni dio, uvijek je prilika i za dru\u017eenje, uz stru\u010dne i nestru\u010dne teme i naravno \u0111ir po gradu. A grad gotovo pust, Stradun zatvorenih \u0161kura iza kojih nitko ne viri, ljepote pala\u010da ostavljene prolaznicima, bez du\u0161e. Nije to ni\u0161ta novo, ni\u0161ta nedo\u017eivljeno, ali rastu\u017ei i zamisli. \u010covjek se upita u ime kojeg profita i kojih to vrijednosti djeci oduzimamo identitet \u017eivoga grada u kojemu bi trebala odrastati kao mnoga prije njih. Pitanje, ni\u0161ta manje pedago\u0161ko od pitanja kojima se bavimo.<\/p>\r\nA bavili smo se kompetencijama pedagoga:\r\n\r\n&nbsp;\r\n\r\n<!--more-->\r\n<ul>\r\n \t<li style=\"text-align: left;\">U obradi sredi\u0161nje teme <strong>Kompetencije pedagoga za uvo\u0111enje novih tehnologija u odgojno obrazovni sustav,<\/strong> sudjelovale su: <strong>vi\u0161a savjetnica \u0110ur\u0111ica Kaurloto-Martini\u0107,<\/strong> uvodnim izlaganjem uz prikaz\u00a0 rezultata upitnika o digitalnim kompetencijama pedagoga, <strong>Agnes Jela\u010di\u0107, pedagoginja O\u0160 &#8220;Lokve-Gripe&#8221; u Splitu,<\/strong> prikazom primjene digitalnog alata za suradnju i dijeljenje odgojno-obrazovnih materijala u \u0161koli i <strong>Hajdi Jelaska-Relja, pedagoginja Prirodoslovne \u0161kole u Splitu,<\/strong> prikazom digitalnog alata za primjenu sociometrije u razredu ( o alatu u nekoj od sljede\u0107ih objava).<\/li>\r\n \t<li style=\"text-align: left;\">O kompetencijama pedagoga za vo\u0111enje <strong>Vije\u0107a u\u010denika i Volonterskog kluba<\/strong> govorila nam je <strong>Dubravka \u0160uto, pedagoginja O\u0160 &#8220;Ravne njive&#8221; iz Splita.\u00a0<\/strong><\/li>\r\n \t<li style=\"text-align: left;\">O kompetencijama pedagoga za <strong>preventivni rad u slu\u010dajevima seksualnog zlostavljanja djece<\/strong> uz prikaz verificiranog programa za osnovnu \u0161kolu, govorila nam je <strong>Zvjezdana Atlaga, pedagoginja O\u0160 don Lovre Kati\u0107a iz Solina.<\/strong> Njenu prezentaciju mo\u017eete pogledati u na\u0161oj rubrici &#8211;<span style=\"color: #800000;\"> <a style=\"color: #800000;\" href=\"http:\/\/www.st-pedagozi.net\/wp-content\/uploads\/2023\/03\/MZV-pedagoga-2023.-Prevencija-seksualnog-zlostavljanja.pptx\">Izlaganja sa stru\u010dnih skupova.<\/a><\/span><\/li>\r\n<\/ul>\r\n&nbsp;","protected":false},"excerpt":{"rendered":"<p>Opet Dubrovnik, ali ovaj put sa znatno manjim brojem sudionika iz na\u0161e \u017dupanije, posebno iz osnovnih \u0161kola. O\u010dito su nacionalni ispiti pedagoge zadr\u017eali &#8220;prikovane&#8221; u \u0161kolama jer tko zna \u0161to bi se dogodilo da su se kojim slu\u010dajem odva\u017eili na &hellip;<\/p>\n<p class=\"read-more\"><a href=\"http:\/\/www.st-pedagozi.net\/?p=6345\">Read more &raquo;<\/a><\/p>\n","protected":false},"author":1,"featured_media":0,"comment_status":"open","ping_status":"open","sticky":false,"template":"","format":"standard","meta":{"footnotes":""},"categories":[7],"tags":[26],"_links":{"self":[{"href":"http:\/\/www.st-pedagozi.net\/index.php?rest_route=\/wp\/v2\/posts\/6345"}],"collection":[{"href":"http:\/\/www.st-pedagozi.net\/index.php?rest_route=\/wp\/v2\/posts"}],"about":[{"href":"http:\/\/www.st-pedagozi.net\/index.php?rest_route=\/wp\/v2\/types\/post"}],"author":[{"embeddable":true,"href":"http:\/\/www.st-pedagozi.net\/index.php?rest_route=\/wp\/v2\/users\/1"}],"replies":[{"embeddable":true,"href":"http:\/\/www.st-pedagozi.net\/index.php?rest_route=%2Fwp%2Fv2%2Fcomments&post=6345"}],"version-history":[{"count":20,"href":"http:\/\/www.st-pedagozi.net\/index.php?rest_route=\/wp\/v2\/posts\/6345\/revisions"}],"predecessor-version":[{"id":6366,"href":"http:\/\/www.st-pedagozi.net\/index.php?rest_route=\/wp\/v2\/posts\/6345\/revisions\/6366"}],"wp:attachment":[{"href":"http:\/\/www.st-pedagozi.net\/index.php?rest_route=%2Fwp%2Fv2%2Fmedia&parent=6345"}],"wp:term":[{"taxonomy":"category","embeddable":true,"href":"http:\/\/www.st-pedagozi.net\/index.php?rest_route=%2Fwp%2Fv2%2Fcategories&post=6345"},{"taxonomy":"post_tag","embeddable":true,"href":"http:\/\/www.st-pedagozi.net\/index.php?rest_route=%2Fwp%2Fv2%2Ftags&post=6345"}],"curies":[{"name":"wp","href":"https:\/\/api.w.org\/{rel}","templated":true}]}}