{"id":6456,"date":"2023-07-08T17:12:13","date_gmt":"2023-07-08T15:12:13","guid":{"rendered":"http:\/\/www.st-pedagozi.net\/?p=6456"},"modified":"2023-07-08T17:13:32","modified_gmt":"2023-07-08T15:13:32","slug":"ideja-za-dan-otvorenih-vrata","status":"publish","type":"post","link":"http:\/\/www.st-pedagozi.net\/?p=6456","title":{"rendered":"Ideja za &#8220;Dan otvorenih vrata&#8221;"},"content":{"rendered":"<p style=\"text-align: left;\">Na\u0161a kolegica iz Stona, <strong>pedagoginja Nives Erceg<\/strong> uspjela je motivirati i povezati sve djelatnike \u0160kole, u\u010denike i roditelje u zajedni\u010dku misiju za zdravi \u017eivot. Poruku <strong>&#8220;OSTANI ZDRAV!&#8221;<\/strong> zajedni\u010dki su prenosili putem brojnih i raznolikih aktivnosti kojima su obilje\u017eili Dan otvorenih vrata O\u0160 Ston.<\/p>\r\n\r\n\r\n<div id=\"attachment_6459\" style=\"width: 310px\" class=\"wp-caption aligncenter\"><a href=\"http:\/\/www.st-pedagozi.net\/wp-content\/uploads\/2023\/07\/Snimka-cijelog-zaslona-8.7.2023.-164013.jpg\"><img loading=\"lazy\" decoding=\"async\" aria-describedby=\"caption-attachment-6459\" class=\"wp-image-6459 size-medium\" src=\"http:\/\/www.st-pedagozi.net\/wp-content\/uploads\/2023\/07\/Snimka-cijelog-zaslona-8.7.2023.-164013-300x168.jpg\" alt=\"\" width=\"300\" height=\"168\" srcset=\"http:\/\/www.st-pedagozi.net\/wp-content\/uploads\/2023\/07\/Snimka-cijelog-zaslona-8.7.2023.-164013-300x168.jpg 300w, http:\/\/www.st-pedagozi.net\/wp-content\/uploads\/2023\/07\/Snimka-cijelog-zaslona-8.7.2023.-164013.jpg 508w\" sizes=\"(max-width: 300px) 100vw, 300px\" \/><\/a><p id=\"caption-attachment-6459\" class=\"wp-caption-text\"><a href=\"http:\/\/www.st-pedagozi.net\/wp-content\/uploads\/2023\/07\/Dan-otvorenih-vrata-Ostani-zdrav-novo.pdf\"><span style=\"color: #ff0000;\"><strong>prezentacija<\/strong><\/span><\/a><\/p><\/div>\r\n<p style=\"text-align: left;\"><strong>Dan otvorenih vrata \u0161kole<\/strong> mo\u017ee se organizirati na razli\u010dite na\u010dine, s razli\u010ditim sadr\u017eajima i razli\u010ditim ciljevima. Poticaj za ovu ideju, kolegica je, kako sama ka\u017ee, dobila nakon realizacije integriranog dana na temu ovisnosti <strong>&#8220;Jedno NE mijenja sve&#8221;.<\/strong>\u00a0 Da je to bilo jako dobro i sama sam se uvjerila u Stonu prije vi\u0161e godina, ali nam je materijal malo du\u017ee putovao iz Stona do Splita. Prikaz integriranog dana mo\u017eete vidjeti na na\u0161oj <a href=\"http:\/\/www.st-pedagozi.net\/?page_id=3744\">podstranici.\u00a0<\/a><\/p>\r\n<p style=\"text-align: left;\">A tu nam je jo\u0161 izlaganje i radionica za roditelje u istom duhu i s istim ciljem.\u00a0 Potra\u017eite je na stranici za <a href=\"http:\/\/www.st-pedagozi.net\/?page_id=263\">roditeljske sastanke.\u00a0<\/a><\/p>\r\n<p style=\"text-align: left;\"><\/p>","protected":false},"excerpt":{"rendered":"<p>Na\u0161a kolegica iz Stona, pedagoginja Nives Erceg uspjela je motivirati i povezati sve djelatnike \u0160kole, u\u010denike i roditelje u zajedni\u010dku misiju za zdravi \u017eivot. Poruku &#8220;OSTANI ZDRAV!&#8221; zajedni\u010dki su prenosili putem brojnih i raznolikih aktivnosti kojima su obilje\u017eili Dan otvorenih &hellip;<\/p>\n<p class=\"read-more\"><a href=\"http:\/\/www.st-pedagozi.net\/?p=6456\">Read more &raquo;<\/a><\/p>\n","protected":false},"author":1,"featured_media":0,"comment_status":"open","ping_status":"open","sticky":false,"template":"","format":"standard","meta":{"footnotes":""},"categories":[75,74],"tags":[36,104,103,24],"_links":{"self":[{"href":"http:\/\/www.st-pedagozi.net\/index.php?rest_route=\/wp\/v2\/posts\/6456"}],"collection":[{"href":"http:\/\/www.st-pedagozi.net\/index.php?rest_route=\/wp\/v2\/posts"}],"about":[{"href":"http:\/\/www.st-pedagozi.net\/index.php?rest_route=\/wp\/v2\/types\/post"}],"author":[{"embeddable":true,"href":"http:\/\/www.st-pedagozi.net\/index.php?rest_route=\/wp\/v2\/users\/1"}],"replies":[{"embeddable":true,"href":"http:\/\/www.st-pedagozi.net\/index.php?rest_route=%2Fwp%2Fv2%2Fcomments&post=6456"}],"version-history":[{"count":6,"href":"http:\/\/www.st-pedagozi.net\/index.php?rest_route=\/wp\/v2\/posts\/6456\/revisions"}],"predecessor-version":[{"id":6464,"href":"http:\/\/www.st-pedagozi.net\/index.php?rest_route=\/wp\/v2\/posts\/6456\/revisions\/6464"}],"wp:attachment":[{"href":"http:\/\/www.st-pedagozi.net\/index.php?rest_route=%2Fwp%2Fv2%2Fmedia&parent=6456"}],"wp:term":[{"taxonomy":"category","embeddable":true,"href":"http:\/\/www.st-pedagozi.net\/index.php?rest_route=%2Fwp%2Fv2%2Fcategories&post=6456"},{"taxonomy":"post_tag","embeddable":true,"href":"http:\/\/www.st-pedagozi.net\/index.php?rest_route=%2Fwp%2Fv2%2Ftags&post=6456"}],"curies":[{"name":"wp","href":"https:\/\/api.w.org\/{rel}","templated":true}]}}