{"id":6698,"date":"2024-05-08T08:36:12","date_gmt":"2024-05-08T06:36:12","guid":{"rendered":"https:\/\/www.st-pedagozi.net\/?p=6698"},"modified":"2024-05-08T08:52:25","modified_gmt":"2024-05-08T06:52:25","slug":"drzavni-strucni-skup-za-strucne-suradnike-pedagoge-u-osnovnim-i-srednjim-skolama-i-ucenickim-domovima","status":"publish","type":"post","link":"http:\/\/www.st-pedagozi.net\/?p=6698","title":{"rendered":"Dr\u017eavni stru\u010dni skup za stru\u010dne suradnike pedagoge u osnovnim i srednjim \u0161kolama i u\u010deni\u010dkim domovima"},"content":{"rendered":"<img decoding=\"async\" class=\"alignleft\" src=\"https:\/\/www.st-pedagozi.net\/wp-content\/uploads\/2017\/02\/logo2.png\" \/>\r\n\r\n&nbsp;\r\n<p style=\"text-align: left;\"><strong>Dr\u017eavni stru\u010dni skup za stru\u010dne suradnike pedagoge <\/strong>Brela, 24.-26.travnja 2024.<\/p>\r\n<span style=\"color: #ff0000;\"><strong>TEMA: JE LI NASILJE U \u0160KOLAMA U PORASTU<\/strong><\/span>\r\n\r\n&nbsp;<\/p>\r\n\r\n<p style=\"text-align: left;\">Tijekom tri dana trajanja skupa slu\u0161ali smo predavanja:\r\n<strong><a href=\"https:\/\/www.st-pedagozi.net\/?page_id=389\"><span style=\"color: #800000;\">Promjene u pona\u0161anju mladih \u2013 rizik, izazov ili razvojni put<\/span> <\/a>&#8211; <\/strong>\u00a0<strong>Matea Babi\u0107<\/strong>, prof. socijalni pedagog i psihoterapeut<\/p>\r\n<strong><span style=\"color: #800000;\">Izazovi i pristupi rje\u0161avanja problema nasilja me\u0111u vr\u0161njacima &#8211; <\/span><\/strong>\u00a0<strong>Mirela Skelac<\/strong>, vi\u0161a savjetnica<\/p>\r\n\r\n\r\n<strong><a href=\"https:\/\/www.st-pedagozi.net\/?page_id=389\"><span style=\"color: #800000;\">Roditelji u \u0161kolskom okru\u017eenju- problem ili resurs<\/span><\/a> &#8211; <\/strong>\u00a0doc. dr. sc. <strong>Toni Maglica<\/strong><\/p>\r\n\r\n\r\n<span style=\"color: #800000;\"><strong>Prepoznajemo li najbolji interes i potrebe djece u mre\u017ei novih izazova nasilja &#8211; <span style=\"color: #000000;\">Ana<\/span><\/strong><\/span><strong><span style=\"color: #000000;\"> Babi\u0107<\/span><\/strong><\/p>\r\n\r\n<strong>Pezo<\/strong>, prof.\r\n\r\n<span style=\"color: #800000;\"><strong>Strategijsko promi\u0161ljanje prevencije u \u0161kolskom okru\u017eenju<\/strong><\/span>, doc. dr. sc. <strong>Toni Maglica<\/strong><\/p>\r\n\r\n<p style=\"text-align: left;\">Tako\u0111er je odr\u017ean i okrugli stol na temu: <strong>Me\u0111uresorna suradnja i osna\u017eivanje struke \u2013 temelj<\/strong>\r\n<strong>za pravovremenu i cjelovitu za\u0161titu djece.<\/strong>\r\nPrimjere dobre prakse prikazale su kolegice: <strong>Tamara Vrhovec i Petra Tom\u0161i\u0107<\/strong>.\r\n<strong>Dr. sc. Marko Turk<\/strong>, izv. prof. govorio je o Kompetencijskom profilu stru\u010dnih suradnika\r\npedagoga. Vezano uz tu temu organiziran je rad u fokus grupama u kojima su stru\u010dni\r\nsuradnici pedagozi raspravljali o temeljnim i razvojnim kompetencijama te mogu\u0107em\r\nrevidiranju kompetencija stru\u010dnih suradnika pedagoga.\r\nJo\u0161 jednom, bila je ovo prilika za susrete te izmjenu osobnih i profesionalnih iskustava\r\nstru\u010dnih suradnika pedagoga, koji nas uvijek ja\u010daju i daju poticaj za daljnji rad.<\/p>\r\n<p style=\"text-align: left;\">Dr\u017eavni skup su vodile i koordinirale vi\u0161e savjetnice <strong>Miljenka Gali\u0107 i Sandra Oro\u0161i\u0107 Juki\u0107,<\/strong> a izvje\u0161\u0107e je priredila <strong>\u0110ur\u0111ica Kaurloto-Martini\u0107,<\/strong> vi\u0161a savjetnica za stru\u010dne suradnike pedagoge u AZOO-e.<\/p>\r\n<p style=\"text-align: left;\">Prezentacije su dostupne u rubrici <a href=\"https:\/\/www.st-pedagozi.net\/?page_id=389\"><span style=\"color: #800000;\"><strong>Izlaganja sa stru\u010dnih skupova.<\/strong><\/span><\/a><\/p>\r\n<p style=\"text-align: left;\"><\/p>","protected":false},"excerpt":{"rendered":"<p>&nbsp; Dr\u017eavni stru\u010dni skup za stru\u010dne suradnike pedagoge Brela, 24.-26.travnja 2024. TEMA: JE LI NASILJE U \u0160KOLAMA U PORASTU &nbsp; Tijekom tri dana trajanja skupa slu\u0161ali smo predavanja: Promjene u pona\u0161anju mladih \u2013 rizik, izazov ili razvojni put &#8211; \u00a0Matea &hellip;<\/p>\n<p class=\"read-more\"><a href=\"http:\/\/www.st-pedagozi.net\/?p=6698\">Read more &raquo;<\/a><\/p>\n","protected":false},"author":1,"featured_media":0,"comment_status":"open","ping_status":"open","sticky":false,"template":"","format":"standard","meta":{"footnotes":""},"categories":[7],"tags":[36,26],"_links":{"self":[{"href":"http:\/\/www.st-pedagozi.net\/index.php?rest_route=\/wp\/v2\/posts\/6698"}],"collection":[{"href":"http:\/\/www.st-pedagozi.net\/index.php?rest_route=\/wp\/v2\/posts"}],"about":[{"href":"http:\/\/www.st-pedagozi.net\/index.php?rest_route=\/wp\/v2\/types\/post"}],"author":[{"embeddable":true,"href":"http:\/\/www.st-pedagozi.net\/index.php?rest_route=\/wp\/v2\/users\/1"}],"replies":[{"embeddable":true,"href":"http:\/\/www.st-pedagozi.net\/index.php?rest_route=%2Fwp%2Fv2%2Fcomments&post=6698"}],"version-history":[{"count":11,"href":"http:\/\/www.st-pedagozi.net\/index.php?rest_route=\/wp\/v2\/posts\/6698\/revisions"}],"predecessor-version":[{"id":6717,"href":"http:\/\/www.st-pedagozi.net\/index.php?rest_route=\/wp\/v2\/posts\/6698\/revisions\/6717"}],"wp:attachment":[{"href":"http:\/\/www.st-pedagozi.net\/index.php?rest_route=%2Fwp%2Fv2%2Fmedia&parent=6698"}],"wp:term":[{"taxonomy":"category","embeddable":true,"href":"http:\/\/www.st-pedagozi.net\/index.php?rest_route=%2Fwp%2Fv2%2Fcategories&post=6698"},{"taxonomy":"post_tag","embeddable":true,"href":"http:\/\/www.st-pedagozi.net\/index.php?rest_route=%2Fwp%2Fv2%2Ftags&post=6698"}],"curies":[{"name":"wp","href":"https:\/\/api.w.org\/{rel}","templated":true}]}}