{"id":6770,"date":"2025-12-01T06:14:52","date_gmt":"2025-12-01T05:14:52","guid":{"rendered":"https:\/\/www.st-pedagozi.net\/?p=6770"},"modified":"2025-12-18T08:26:56","modified_gmt":"2025-12-18T07:26:56","slug":"adventski-kalendar-2","status":"publish","type":"post","link":"http:\/\/www.st-pedagozi.net\/?p=6770","title":{"rendered":"Zajedno do Bo\u017ei\u0107a"},"content":{"rendered":"<p style=\"text-align: left;\"><strong>&#8220;Ako govori\u0161 neka tvoje rije\u010di budu vrjednije od tvoje \u0161utnje&#8221;-<\/strong> ka\u017ee arapska poslovica.<\/p>\r\n<p style=\"text-align: left;\">Do\u0111e vrijeme kada nakon gotovo 40 godina intenzivnog rada osjeti\u0161 unutarnju dvojbu: vrisnuti u svijet ili \u0161utjeti. Po objavama je jasno da je prevladala \u0161utnja. Nije to dobro, ali&#8230;&#8230;<\/p>\r\n<p style=\"text-align: left;\">Zato, za ovu posljednju godinu, povratak neka bude ba\u0161 po\u010detak Do\u0161a\u0161\u0107a u kojemu se ne zaboravlja za\u0161to se dijeli dobrota i radost za\u010deta prije 2000 godina. S tom mi\u0161lju, nas dvije voditeljice, Deana i ja\u00a0 podijelit \u0107emo s vama kratke pri\u010de i misli onih \u010dije su rije\u010di vrjednije od \u0161utnje. Pri\u010de su toliko kratke ili duga\u010dke da se mogu pro\u010ditati uz tri gutljaja kave.<\/p>\r\n<p style=\"text-align: left;\">Naravno, kao i uvijek pozivamo vas da nam se pridru\u017eite. Na\u017ealost, vi\u0161e se ne mo\u017ee besplatno dodati video.<\/p>\r\n<iframe loading=\"lazy\" class=\"myadvent-calendar\" style=\"width: 100%; min-height: 600px;\" src=\"https:\/\/app.myadvent.net\/calendar?id=93g3b9p6pkiobkcpq3zwg2asqevmc36o\" width=\"600\" height=\"400\" frameborder=\"0\" scrolling=\"no\"><\/iframe><script src=\"https:\/\/www.myadvent.net\/embed\/autoResize_2.0.1.min.js\"><\/script>","protected":false},"excerpt":{"rendered":"<p>&#8220;Ako govori\u0161 neka tvoje rije\u010di budu vrjednije od tvoje \u0161utnje&#8221;- ka\u017ee arapska poslovica. Do\u0111e vrijeme kada nakon gotovo 40 godina intenzivnog rada osjeti\u0161 unutarnju dvojbu: vrisnuti u svijet ili \u0161utjeti. Po objavama je jasno da je prevladala \u0161utnja. Nije to &hellip;<\/p>\n<p class=\"read-more\"><a href=\"http:\/\/www.st-pedagozi.net\/?p=6770\">Read more &raquo;<\/a><\/p>\n","protected":false},"author":1,"featured_media":0,"comment_status":"open","ping_status":"open","sticky":false,"template":"","format":"standard","meta":{"footnotes":""},"categories":[1],"tags":[84,76],"_links":{"self":[{"href":"http:\/\/www.st-pedagozi.net\/index.php?rest_route=\/wp\/v2\/posts\/6770"}],"collection":[{"href":"http:\/\/www.st-pedagozi.net\/index.php?rest_route=\/wp\/v2\/posts"}],"about":[{"href":"http:\/\/www.st-pedagozi.net\/index.php?rest_route=\/wp\/v2\/types\/post"}],"author":[{"embeddable":true,"href":"http:\/\/www.st-pedagozi.net\/index.php?rest_route=\/wp\/v2\/users\/1"}],"replies":[{"embeddable":true,"href":"http:\/\/www.st-pedagozi.net\/index.php?rest_route=%2Fwp%2Fv2%2Fcomments&post=6770"}],"version-history":[{"count":10,"href":"http:\/\/www.st-pedagozi.net\/index.php?rest_route=\/wp\/v2\/posts\/6770\/revisions"}],"predecessor-version":[{"id":6781,"href":"http:\/\/www.st-pedagozi.net\/index.php?rest_route=\/wp\/v2\/posts\/6770\/revisions\/6781"}],"wp:attachment":[{"href":"http:\/\/www.st-pedagozi.net\/index.php?rest_route=%2Fwp%2Fv2%2Fmedia&parent=6770"}],"wp:term":[{"taxonomy":"category","embeddable":true,"href":"http:\/\/www.st-pedagozi.net\/index.php?rest_route=%2Fwp%2Fv2%2Fcategories&post=6770"},{"taxonomy":"post_tag","embeddable":true,"href":"http:\/\/www.st-pedagozi.net\/index.php?rest_route=%2Fwp%2Fv2%2Ftags&post=6770"}],"curies":[{"name":"wp","href":"https:\/\/api.w.org\/{rel}","templated":true}]}}