{"id":6801,"date":"2026-09-06T11:34:56","date_gmt":"2026-09-06T09:34:56","guid":{"rendered":"https:\/\/www.st-pedagozi.net\/?p=6801"},"modified":"2026-09-06T11:44:36","modified_gmt":"2026-09-06T09:44:36","slug":"hvala-nasoj-visoj-savjetnici-hvala-durdici","status":"publish","type":"post","link":"https:\/\/www.st-pedagozi.net\/?p=6801","title":{"rendered":"Hvala na\u0161oj vi\u0161oj savjetnici, hvala \u0110ur\u0111ici!"},"content":{"rendered":"<div id=\"attachment_6807\" style=\"width: 310px\" class=\"wp-caption alignleft\"><img loading=\"lazy\" decoding=\"async\" aria-describedby=\"caption-attachment-6807\" class=\"wp-image-6807 size-medium\" src=\"http:\/\/www.st-pedagozi.net\/wp-content\/uploads\/2026\/09\/Snimka-cijelog-zaslona-5.9.2026.-154120-300x232.jpg\" alt=\"\" width=\"300\" height=\"232\" srcset=\"https:\/\/www.st-pedagozi.net\/wp-content\/uploads\/2026\/09\/Snimka-cijelog-zaslona-5.9.2026.-154120-300x232.jpg 300w, https:\/\/www.st-pedagozi.net\/wp-content\/uploads\/2026\/09\/Snimka-cijelog-zaslona-5.9.2026.-154120.jpg 674w\" sizes=\"(max-width: 300px) 100vw, 300px\" \/><p id=\"caption-attachment-6807\" class=\"wp-caption-text\"><span style=\"color: #800000;\"><strong><a style=\"color: #800000;\" href=\"https:\/\/docs.google.com\/presentation\/d\/1NXQ8y9LA-Plr-IjedB-m3AaqtMHfib6s\/edit?usp=sharing&amp;ouid=114475197927980029863&amp;rtpof=true&amp;sd=true\">Pogledajte, prisjetite se, inspirirajte se&#8230;.<\/a><\/strong><\/span><\/p><\/div>\r\n\r\n&nbsp;\r\n\r\n&nbsp;\r\n<p style=\"text-align: left;\">&#8220;Bilo je i vrijeme za ovu objavu!&#8221; &#8211; vjerojatno su mnogi ve\u0107 pomislili.<\/p>\r\n<p style=\"text-align: left;\">Eto stiglo je, sada kada smo u miru mirovine nekom \u010dudnom slu\u010dajno\u0161\u0107u tri pedagoginje iste generacije: <strong>\u0110ur\u0111ica,<\/strong> Deana i Agnes.<\/p>\r\n&nbsp;\r\n<p style=\"text-align: left;\"><strong>\u0110ur\u0111ica, na\u0161a savjetnica,<\/strong> oti\u0161la je u mirovinu iznenada, u sredini godine pune planiranih aktivnosti. Nismo o\u010dekivali, bili smo sigurni kako \u0107e nastaviti jer je jo\u0161 puno toga planirala napraviti, ali birokratska mo\u0107 ne mari za \u017eelje nas malih. Zato smo mi mali ispratili na\u0161u savjetnicu emotivno, iskreno, punoga srca, onako kako to zaslu\u017euju osobe koje daju pravi smisao svojoj profesionalnoj ulozi i prenose ga iz dana u dan, strpljivo i nesebi\u010dno svim svojim kolegicama i kolegama.<\/p>\r\n<p style=\"text-align: left;\">Profesiju i ulogu koja daje mo\u0107 iskoristiti tako da je pravo umije\u0107e mo\u0107i nau\u010diti kako ka\u017ee \u0110ur\u0111ica: <strong>&#8220;&#8230;.najva\u017eniju stvar koju \u017eelim podijeliti s vama, ne\u0161to \u0161to nijedan pravilnik ne mo\u017ee propisati \u2013 koliko je va\u017eno ponekad skloniti sve papire da bismo vidjeli osobu.&#8221;\u00a0<\/strong>mogu samo posebne osobe.<\/p>\r\n<p style=\"text-align: center;\"><strong><a href=\"http:\/\/www.st-pedagozi.net\/wp-content\/uploads\/2026\/09\/Snimka-cijelog-zaslona-5.9.2026.-161519.jpg\"><img loading=\"lazy\" decoding=\"async\" class=\"wp-image-6815 size-full aligncenter\" src=\"http:\/\/www.st-pedagozi.net\/wp-content\/uploads\/2026\/09\/Snimka-cijelog-zaslona-5.9.2026.-161519.jpg\" alt=\"\" width=\"170\" height=\"123\" \/><\/a>Zato nam je \u0110ur\u0111ica bila puno vi\u0161e od vi\u0161e savjetnice.\u00a0<\/strong><\/p>\r\n<p style=\"text-align: left;\">Nastavite s nama dalje&#8230;.<!--more--><\/p>\r\n\r\n\r\n<div id=\"attachment_6818\" style=\"width: 1034px\" class=\"wp-caption aligncenter\"><a href=\"http:\/\/www.st-pedagozi.net\/wp-content\/uploads\/2026\/09\/20260609_114353-1.jpg\"><img loading=\"lazy\" decoding=\"async\" aria-describedby=\"caption-attachment-6818\" class=\"wp-image-6818 size-full\" src=\"http:\/\/www.st-pedagozi.net\/wp-content\/uploads\/2026\/09\/20260609_114353-1.jpg\" alt=\"\" width=\"1024\" height=\"508\" srcset=\"https:\/\/www.st-pedagozi.net\/wp-content\/uploads\/2026\/09\/20260609_114353-1.jpg 1024w, https:\/\/www.st-pedagozi.net\/wp-content\/uploads\/2026\/09\/20260609_114353-1-300x149.jpg 300w, https:\/\/www.st-pedagozi.net\/wp-content\/uploads\/2026\/09\/20260609_114353-1-768x381.jpg 768w\" sizes=\"(max-width: 1024px) 100vw, 1024px\" \/><\/a><p id=\"caption-attachment-6818\" class=\"wp-caption-text\">Na\u017ealost, mnogi su morali oti\u0107i, a mi smo se tek na kraju sjetili zajedni\u010dke fotografije<\/p><\/div>\r\n\r\n<div id=\"attachment_6820\" style=\"width: 315px\" class=\"wp-caption alignleft\"><a href=\"http:\/\/www.st-pedagozi.net\/wp-content\/uploads\/2026\/09\/IMG-20260609-WA0078.jpg\"><img loading=\"lazy\" decoding=\"async\" aria-describedby=\"caption-attachment-6820\" class=\"wp-image-6820 \" src=\"http:\/\/www.st-pedagozi.net\/wp-content\/uploads\/2026\/09\/IMG-20260609-WA0078-300x181.jpg\" alt=\"\" width=\"305\" height=\"184\" srcset=\"https:\/\/www.st-pedagozi.net\/wp-content\/uploads\/2026\/09\/IMG-20260609-WA0078-300x181.jpg 300w, https:\/\/www.st-pedagozi.net\/wp-content\/uploads\/2026\/09\/IMG-20260609-WA0078-768x464.jpg 768w, https:\/\/www.st-pedagozi.net\/wp-content\/uploads\/2026\/09\/IMG-20260609-WA0078.jpg 1024w\" sizes=\"(max-width: 305px) 100vw, 305px\" \/><\/a><p id=\"caption-attachment-6820\" class=\"wp-caption-text\">Ravnatelj O\u0160 &#8220;Lokve-Gripe&#8221; zahvaljuje na dugogodi\u0161njoj suradnji.<\/p><\/div>\r\n\r\n<div id=\"attachment_6824\" style=\"width: 274px\" class=\"wp-caption alignright\"><a href=\"http:\/\/www.st-pedagozi.net\/wp-content\/uploads\/2026\/09\/IMG-20260609-WA0054-001.jpg\"><img loading=\"lazy\" decoding=\"async\" aria-describedby=\"caption-attachment-6824\" class=\"wp-image-6824 size-medium\" src=\"http:\/\/www.st-pedagozi.net\/wp-content\/uploads\/2026\/09\/IMG-20260609-WA0054-001-264x300.jpg\" alt=\"\" width=\"264\" height=\"300\" srcset=\"https:\/\/www.st-pedagozi.net\/wp-content\/uploads\/2026\/09\/IMG-20260609-WA0054-001-264x300.jpg 264w, https:\/\/www.st-pedagozi.net\/wp-content\/uploads\/2026\/09\/IMG-20260609-WA0054-001.jpg 710w\" sizes=\"(max-width: 264px) 100vw, 264px\" \/><\/a><p id=\"caption-attachment-6824\" class=\"wp-caption-text\">&#8220;Dnevnik jedne savjetnice&#8221;<\/p><\/div>\r\n\r\n&nbsp;\r\n\r\n<div id=\"attachment_6832\" style=\"width: 300px\" class=\"wp-caption alignleft\"><a href=\"http:\/\/www.st-pedagozi.net\/wp-content\/uploads\/2026\/09\/IMG-20260609-WA0009.jpg\"><img loading=\"lazy\" decoding=\"async\" aria-describedby=\"caption-attachment-6832\" class=\"wp-image-6832\" src=\"http:\/\/www.st-pedagozi.net\/wp-content\/uploads\/2026\/09\/IMG-20260609-WA0009-300x229.jpg\" alt=\"\" width=\"290\" height=\"223\" \/><\/a><p id=\"caption-attachment-6832\" class=\"wp-caption-text\">\u0160to dr\u017ei Deana? Nemam pojma, ali se slatko smijemo.<\/p><\/div>\r\n\r\n<div id=\"attachment_6833\" style=\"width: 298px\" class=\"wp-caption alignright\"><a href=\"http:\/\/www.st-pedagozi.net\/wp-content\/uploads\/2026\/09\/IMG-20260609-WA0067.jpg\"><img loading=\"lazy\" decoding=\"async\" aria-describedby=\"caption-attachment-6833\" class=\"wp-image-6833\" src=\"http:\/\/www.st-pedagozi.net\/wp-content\/uploads\/2026\/09\/IMG-20260609-WA0067-300x300.jpg\" alt=\"\" width=\"288\" height=\"288\" srcset=\"https:\/\/www.st-pedagozi.net\/wp-content\/uploads\/2026\/09\/IMG-20260609-WA0067-300x300.jpg 300w, https:\/\/www.st-pedagozi.net\/wp-content\/uploads\/2026\/09\/IMG-20260609-WA0067-150x150.jpg 150w, https:\/\/www.st-pedagozi.net\/wp-content\/uploads\/2026\/09\/IMG-20260609-WA0067-768x768.jpg 768w, https:\/\/www.st-pedagozi.net\/wp-content\/uploads\/2026\/09\/IMG-20260609-WA0067.jpg 1024w\" sizes=\"(max-width: 288px) 100vw, 288px\" \/><\/a><p id=\"caption-attachment-6833\" class=\"wp-caption-text\">\u0110ur\u0111ica i Deana (za one mla\u0111e, koji mo\u017eda ne znaju)<\/p><\/div>\r\n\r\n<div id=\"attachment_6834\" style=\"width: 286px\" class=\"wp-caption alignleft\"><a href=\"http:\/\/www.st-pedagozi.net\/wp-content\/uploads\/2026\/09\/IMG-20260609-WA0063.jpg\"><img loading=\"lazy\" decoding=\"async\" aria-describedby=\"caption-attachment-6834\" class=\"wp-image-6834 \" src=\"http:\/\/www.st-pedagozi.net\/wp-content\/uploads\/2026\/09\/IMG-20260609-WA0063-300x279.jpg\" alt=\"\" width=\"276\" height=\"257\" srcset=\"https:\/\/www.st-pedagozi.net\/wp-content\/uploads\/2026\/09\/IMG-20260609-WA0063-300x279.jpg 300w, https:\/\/www.st-pedagozi.net\/wp-content\/uploads\/2026\/09\/IMG-20260609-WA0063-768x713.jpg 768w, https:\/\/www.st-pedagozi.net\/wp-content\/uploads\/2026\/09\/IMG-20260609-WA0063.jpg 1024w\" sizes=\"(max-width: 276px) 100vw, 276px\" \/><\/a><p id=\"caption-attachment-6834\" class=\"wp-caption-text\">Tu su i darovi. \u0160teta \u0161to se ne vide.<\/p><\/div>\r\n\r\n<div id=\"attachment_6835\" style=\"width: 135px\" class=\"wp-caption alignleft\"><a href=\"http:\/\/www.st-pedagozi.net\/wp-content\/uploads\/2026\/09\/IMG-20260609-WA0064.jpg\"><img loading=\"lazy\" decoding=\"async\" aria-describedby=\"caption-attachment-6835\" class=\"wp-image-6835\" src=\"http:\/\/www.st-pedagozi.net\/wp-content\/uploads\/2026\/09\/IMG-20260609-WA0064-189x300.jpg\" alt=\"\" width=\"125\" height=\"198\" srcset=\"https:\/\/www.st-pedagozi.net\/wp-content\/uploads\/2026\/09\/IMG-20260609-WA0064-189x300.jpg 189w, https:\/\/www.st-pedagozi.net\/wp-content\/uploads\/2026\/09\/IMG-20260609-WA0064.jpg 644w\" sizes=\"(max-width: 125px) 100vw, 125px\" \/><\/a><p id=\"caption-attachment-6835\" class=\"wp-caption-text\">I torta, naravno!<\/p><\/div>\r\n\r\n<div id=\"attachment_6836\" style=\"width: 128px\" class=\"wp-caption alignright\"><a href=\"http:\/\/www.st-pedagozi.net\/wp-content\/uploads\/2026\/09\/IMG-20260609-WA0021.jpg\"><img loading=\"lazy\" decoding=\"async\" aria-describedby=\"caption-attachment-6836\" class=\"wp-image-6836 \" src=\"http:\/\/www.st-pedagozi.net\/wp-content\/uploads\/2026\/09\/IMG-20260609-WA0021-184x300.jpg\" alt=\"\" width=\"118\" height=\"192\" srcset=\"https:\/\/www.st-pedagozi.net\/wp-content\/uploads\/2026\/09\/IMG-20260609-WA0021-184x300.jpg 184w, https:\/\/www.st-pedagozi.net\/wp-content\/uploads\/2026\/09\/IMG-20260609-WA0021.jpg 629w\" sizes=\"(max-width: 118px) 100vw, 118px\" \/><\/a><p id=\"caption-attachment-6836\" class=\"wp-caption-text\">Ne mo\u017ee bez Ante!<\/p><\/div>\r\n\r\n<div id=\"attachment_6826\" style=\"width: 254px\" class=\"wp-caption alignleft\"><a href=\"http:\/\/www.st-pedagozi.net\/wp-content\/uploads\/2026\/09\/IMG-20260609-WA0068.jpg\"><img loading=\"lazy\" decoding=\"async\" aria-describedby=\"caption-attachment-6826\" class=\"wp-image-6826\" src=\"http:\/\/www.st-pedagozi.net\/wp-content\/uploads\/2026\/09\/IMG-20260609-WA0068-300x226.jpg\" alt=\"\" width=\"244\" height=\"184\" srcset=\"https:\/\/www.st-pedagozi.net\/wp-content\/uploads\/2026\/09\/IMG-20260609-WA0068-300x226.jpg 300w, https:\/\/www.st-pedagozi.net\/wp-content\/uploads\/2026\/09\/IMG-20260609-WA0068-768x578.jpg 768w, https:\/\/www.st-pedagozi.net\/wp-content\/uploads\/2026\/09\/IMG-20260609-WA0068.jpg 1024w\" sizes=\"(max-width: 244px) 100vw, 244px\" \/><\/a><p id=\"caption-attachment-6826\" class=\"wp-caption-text\">Ni bez Deane!<\/p><\/div>\r\n\r\n<div id=\"attachment_6852\" style=\"width: 231px\" class=\"wp-caption alignleft\"><a href=\"http:\/\/www.st-pedagozi.net\/wp-content\/uploads\/2026\/09\/IMG-20260609-WA0060.jpg\"><img loading=\"lazy\" decoding=\"async\" aria-describedby=\"caption-attachment-6852\" class=\"wp-image-6852\" src=\"http:\/\/www.st-pedagozi.net\/wp-content\/uploads\/2026\/09\/IMG-20260609-WA0060-290x300.jpg\" alt=\"\" width=\"221\" height=\"229\" srcset=\"https:\/\/www.st-pedagozi.net\/wp-content\/uploads\/2026\/09\/IMG-20260609-WA0060-290x300.jpg 290w, https:\/\/www.st-pedagozi.net\/wp-content\/uploads\/2026\/09\/IMG-20260609-WA0060.jpg 718w\" sizes=\"(max-width: 221px) 100vw, 221px\" \/><\/a><p id=\"caption-attachment-6852\" class=\"wp-caption-text\">Ante \u010dita kroniku<span style=\"color: #800000;\"><strong> <a style=\"color: #800000;\" href=\"http:\/\/www.st-pedagozi.net\/wp-content\/uploads\/2026\/09\/Za-Durdu.pdf\">&#8220;Za \u0110ur\u0111u&#8221;<\/a> <\/strong><\/span>koja je u me\u0111uvremenu od \u0110ur\u0111ice narasla u \u0110ur\u0111u.<\/p><\/div>\r\n\r\n<div id=\"attachment_6830\" style=\"width: 307px\" class=\"wp-caption aligncenter\"><a href=\"http:\/\/www.st-pedagozi.net\/wp-content\/uploads\/2026\/09\/IMG-20260609-WA0065.jpg\"><img loading=\"lazy\" decoding=\"async\" aria-describedby=\"caption-attachment-6830\" class=\"wp-image-6830\" src=\"http:\/\/www.st-pedagozi.net\/wp-content\/uploads\/2026\/09\/IMG-20260609-WA0065-300x183.jpg\" alt=\"\" width=\"297\" height=\"181\" srcset=\"https:\/\/www.st-pedagozi.net\/wp-content\/uploads\/2026\/09\/IMG-20260609-WA0065-300x183.jpg 300w, https:\/\/www.st-pedagozi.net\/wp-content\/uploads\/2026\/09\/IMG-20260609-WA0065-768x468.jpg 768w, https:\/\/www.st-pedagozi.net\/wp-content\/uploads\/2026\/09\/IMG-20260609-WA0065.jpg 1024w\" sizes=\"(max-width: 297px) 100vw, 297px\" \/><\/a><p id=\"caption-attachment-6830\" class=\"wp-caption-text\">Sjetila se Deana \u0110ur\u0111i\u010dine omiljene pjesme\u00a0 \u00a0 \u00a0 \u00a0 \u00a0 <span style=\"color: #800000;\">\u00a0<strong>\u00a0\u00a0<a style=\"color: #800000;\" href=\"https:\/\/www.youtube.com\/watch?v=JatTfrdDgn0\">Mali krug velikih ljudi<\/a><\/strong><\/span><\/p><\/div>\r\n\r\n&nbsp;\r\n<div style=\"position: relative; width: 100%; height: 0; padding-top: 56.2500%; padding-bottom: 0; box-shadow: 0 2px 8px 0 rgba(63,69,81,0.16); margin-top: 1.6em; margin-bottom: 0.9em; overflow: hidden; border-radius: 8px; will-change: transform;\"><iframe style=\"position: absolute; width: 100%; height: 100%; top: 0; left: 0; border: none; padding: 0; margin: 0;\" src=\"https:\/\/www.canva.com\/design\/DAHJ1sgsSWA\/iNmwcDJlOoL365UraDNm2w\/view?embed\" allowfullscreen=\"allowfullscreen\">\r\n<\/iframe><\/div>\r\n<div><\/div>\r\n<a href=\"https:\/\/www.canva.com\/design\/DAHJ1sgsSWA\/iNmwcDJlOoL365UraDNm2w\/view?utm_content=DAHJ1sgsSWA&amp;utm_campaign=designshare&amp;utm_medium=embeds&amp;utm_source=link\" target=\"_blank\" rel=\"noopener\">\u0110ur\u0111ica<\/a>, autor: Agnes Jela\u010di\u0107\r\n<h6 style=\"text-align: left;\">Mi smo zavr\u0161ili krug, a vi se potrudite otvoriti novi!<\/h6>","protected":false},"excerpt":{"rendered":"<p>&nbsp; &nbsp; &#8220;Bilo je i vrijeme za ovu objavu!&#8221; &#8211; vjerojatno su mnogi ve\u0107 pomislili. Eto stiglo je, sada kada smo u miru mirovine nekom \u010dudnom slu\u010dajno\u0161\u0107u tri pedagoginje iste generacije: \u0110ur\u0111ica, Deana i Agnes. &nbsp; \u0110ur\u0111ica, na\u0161a savjetnica, oti\u0161la &hellip;<\/p>\n<p class=\"read-more\"><a href=\"https:\/\/www.st-pedagozi.net\/?p=6801\">Read more &raquo;<\/a><\/p>\n","protected":false},"author":1,"featured_media":0,"comment_status":"open","ping_status":"open","sticky":false,"template":"","format":"standard","meta":{"footnotes":""},"categories":[5],"tags":[106,107],"_links":{"self":[{"href":"https:\/\/www.st-pedagozi.net\/index.php?rest_route=\/wp\/v2\/posts\/6801"}],"collection":[{"href":"https:\/\/www.st-pedagozi.net\/index.php?rest_route=\/wp\/v2\/posts"}],"about":[{"href":"https:\/\/www.st-pedagozi.net\/index.php?rest_route=\/wp\/v2\/types\/post"}],"author":[{"embeddable":true,"href":"https:\/\/www.st-pedagozi.net\/index.php?rest_route=\/wp\/v2\/users\/1"}],"replies":[{"embeddable":true,"href":"https:\/\/www.st-pedagozi.net\/index.php?rest_route=%2Fwp%2Fv2%2Fcomments&post=6801"}],"version-history":[{"count":41,"href":"https:\/\/www.st-pedagozi.net\/index.php?rest_route=\/wp\/v2\/posts\/6801\/revisions"}],"predecessor-version":[{"id":6863,"href":"https:\/\/www.st-pedagozi.net\/index.php?rest_route=\/wp\/v2\/posts\/6801\/revisions\/6863"}],"wp:attachment":[{"href":"https:\/\/www.st-pedagozi.net\/index.php?rest_route=%2Fwp%2Fv2%2Fmedia&parent=6801"}],"wp:term":[{"taxonomy":"category","embeddable":true,"href":"https:\/\/www.st-pedagozi.net\/index.php?rest_route=%2Fwp%2Fv2%2Fcategories&post=6801"},{"taxonomy":"post_tag","embeddable":true,"href":"https:\/\/www.st-pedagozi.net\/index.php?rest_route=%2Fwp%2Fv2%2Ftags&post=6801"}],"curies":[{"name":"wp","href":"https:\/\/api.w.org\/{rel}","templated":true}]}}